{"id":174,"date":"2014-11-10T12:31:02","date_gmt":"2014-11-10T10:31:02","guid":{"rendered":"http:\/\/www.verkehr-holweide.de\/?p=174"},"modified":"2015-04-17T17:42:29","modified_gmt":"2015-04-17T15:42:29","slug":"holweide-in-koeln-mobil-2025","status":"publish","type":"post","link":"https:\/\/transfer.verkehr-holweide.de\/?p=174","title":{"rendered":"Holweide in &#8222;K\u00f6ln mobil 2025&#8220;?!?"},"content":{"rendered":"<p style=\"text-align: justify;\">Sehr geehrter Herr D\u00f6rkes,\u00a0 sehr geehrter Herr H\u00f6ing,\u00a0sehr geehrte Frau Herr,\u00a0sehr geehrter Herr Harzendorf,<br \/>\nsehr geehrter Herr Fenske,\u00a0sehr geehrter Herr H\u00f6hn,\u00a0sehr geehrter Herr Jacobs,<br \/>\nsehr geehrter Herr Zeese,\u00a0sehr geehrter Herr Fuchs,<br \/>\nsehr geehrter Herr Pla\u00dfmann,\u00a0sehr geehrter Herr Dockter,<\/p>\n<p style=\"text-align: justify;\">mit gro\u00dfem Interesse haben wir von den Pl\u00e4nen f\u00fcr <a title=\"K\u00f6ln mobil 2015\" href=\"http:\/\/www.stadt-koeln.de\/mediaasset\/content\/pdf66\/koeln-mobil-2025.pdf\" target=\"_blank\">\u201eK\u00f6ln mobil 2025\u201c<\/a> gelesen und hoffen, dass Sie auch unseren Stadtteil Holweide im Blick haben.<\/p>\n<p style=\"text-align: justify;\">Wie Sie sicher wissen, leidet K\u00f6ln-Holweide sehr unter dem Durchgangsverkehr von Bergisch Gladbach und K\u00f6ln-Dellbr\u00fcck zur Autobahn A3. Die Bergisch Gladbacher Stra\u00dfe ist vollkommen \u00fcberlastet und insbesondere zu Sto\u00dfzeiten bilden sich lange Staus. Diese belasten nicht nur die Anwohner mit L\u00e4rm und Dreck, sondern zerst\u00f6ren auch den Charakter der Stra\u00dfe als Einkaufsmeile und Stadtteilzentrum und f\u00fchren zu R\u00fcckstau auf den Zubringerstra\u00dfen.<\/p>\n<p style=\"text-align: justify;\">Dieses Problem ist seit Jahrzehnten bekannt, doch bis heute wurde keine Abhilfe geschaffen. Aufgrund der diversen Zust\u00e4ndigkeiten f\u00fcr die Bergisch Gladbacher Stra\u00dfe und vorhandene \/ neu zu planende Autobahnanschl\u00fcsse und Zubringer (Stadt K\u00f6ln, Stadt Bergisch Gladbach, Bezirksregierung K\u00f6ln, Rheinisch-Bergischer Kreis, Land NRW, Bund) wird die Verantwortlichkeit f\u00fcr eine L\u00f6sung immer wieder auf andere Gremien geschoben.<\/p>\n<p style=\"text-align: justify;\">Als B\u00fcrgervereinigung K\u00f6ln-Holweide e.V. sind wir au\u00dferdem sehr besorgt dar\u00fcber, dass derzeit einige neue Bauprojekte im Holweider S\u00fcden geplant sind, ohne dass f\u00fcr den entstehenden Mehrverkehr ein Verkehrskonzept vorliegt.<\/p>\n<p style=\"text-align: justify;\">Wir fordern daher Folgendes:<\/p>\n<p style=\"text-align: justify;\">1. Autobahnanschluss f\u00fcr Bergisch Gladbach<\/p>\n<p style=\"text-align: justify;\">2. Anbindung an die AS K\u00f6ln-M\u00fclheim in K\u00f6ln-H\u00f6henhaus<\/p>\n<p style=\"text-align: justify;\">3. S\u00fcdanbindung an A4-Erweiterungsspur (nur in Verbindung mit 1.)<\/p>\n<p style=\"text-align: justify;\">4. Ausbau des \u00d6PNV in und nach K\u00f6ln-Ost und Bergisch Gladbach<\/p>\n<p style=\"text-align: justify;\">5. Ausbau des Radwegenetzes in und nach K\u00f6ln-Ost und Bergisch Gladbach<\/p>\n<p style=\"text-align: justify;\">6. Verkehrs\u00e4nderungen innerhalb von Holweide<\/p>\n<p style=\"text-align: justify;\">7. Verkehrskonzept zu den geplanten Bauprojekten<\/p>\n<p style=\"text-align: justify;\">Details zu unseren Forderungen finden Sie auf unserer Internetseite:<br \/>\nhttp:\/\/www.verkehr-holweide.de\/Verkehrskonzept_Koeln-Holweide_2.pdf<\/p>\n<p style=\"text-align: justify;\">Wir freuen uns auf Ihre R\u00fcckmeldung und stehen f\u00fcr Fragen oder Diskussionen gerne zur Verf\u00fcgung.<\/p>\n<p style=\"text-align: justify;\">Mit freundlichen Gr\u00fc\u00dfen<\/p>\n<p style=\"text-align: justify;\">i. A. Maja Gl\u00fcck<br \/>\nArbeitskreis \u201eUnser Veedel\u201c der B\u00fcrgervereinigung K\u00f6ln-Holweide e.V.<\/p>\n","protected":false},"excerpt":{"rendered":"<p>Sehr geehrter Herr D\u00f6rkes,\u00a0 sehr geehrter Herr H\u00f6ing,\u00a0sehr geehrte Frau Herr,\u00a0sehr geehrter Herr Harzendorf, sehr geehrter Herr Fenske,\u00a0sehr geehrter Herr H\u00f6hn,\u00a0sehr geehrter Herr Jacobs, sehr geehrter Herr Zeese,\u00a0sehr geehrter Herr Fuchs, sehr geehrter Herr Pla\u00dfmann,\u00a0sehr geehrter Herr Dockter, mit gro\u00dfem Interesse haben wir von den Pl\u00e4nen f\u00fcr \u201eK\u00f6ln mobil 2025\u201c gelesen und hoffen, dass Sie [&hellip;]<\/p>\n","protected":false},"author":1,"featured_media":0,"comment_status":"open","ping_status":"open","sticky":false,"template":"","format":"standard","meta":{"footnotes":""},"categories":[21,22,23,24,12],"tags":[],"_links":{"self":[{"href":"https:\/\/transfer.verkehr-holweide.de\/index.php?rest_route=\/wp\/v2\/posts\/174"}],"collection":[{"href":"https:\/\/transfer.verkehr-holweide.de\/index.php?rest_route=\/wp\/v2\/posts"}],"about":[{"href":"https:\/\/transfer.verkehr-holweide.de\/index.php?rest_route=\/wp\/v2\/types\/post"}],"author":[{"embeddable":true,"href":"https:\/\/transfer.verkehr-holweide.de\/index.php?rest_route=\/wp\/v2\/users\/1"}],"replies":[{"embeddable":true,"href":"https:\/\/transfer.verkehr-holweide.de\/index.php?rest_route=%2Fwp%2Fv2%2Fcomments&post=174"}],"version-history":[{"count":4,"href":"https:\/\/transfer.verkehr-holweide.de\/index.php?rest_route=\/wp\/v2\/posts\/174\/revisions"}],"predecessor-version":[{"id":188,"href":"https:\/\/transfer.verkehr-holweide.de\/index.php?rest_route=\/wp\/v2\/posts\/174\/revisions\/188"}],"wp:attachment":[{"href":"https:\/\/transfer.verkehr-holweide.de\/index.php?rest_route=%2Fwp%2Fv2%2Fmedia&parent=174"}],"wp:term":[{"taxonomy":"category","embeddable":true,"href":"https:\/\/transfer.verkehr-holweide.de\/index.php?rest_route=%2Fwp%2Fv2%2Fcategories&post=174"},{"taxonomy":"post_tag","embeddable":true,"href":"https:\/\/transfer.verkehr-holweide.de\/index.php?rest_route=%2Fwp%2Fv2%2Ftags&post=174"}],"curies":[{"name":"wp","href":"https:\/\/api.w.org\/{rel}","templated":true}]}}