{"id":181,"date":"2014-11-18T21:52:18","date_gmt":"2014-11-18T19:52:18","guid":{"rendered":"http:\/\/www.verkehr-holweide.de\/?p=181"},"modified":"2014-11-21T14:37:55","modified_gmt":"2014-11-21T12:37:55","slug":"treffen-mit-bezirksbuergermeister-norbert-fuchs-18-11-2014","status":"publish","type":"post","link":"https:\/\/transfer.verkehr-holweide.de\/?p=181","title":{"rendered":"Treffen mit Bezirksb\u00fcrgermeister Norbert Fuchs (18.11.2014)"},"content":{"rendered":"<p style=\"text-align: justify;\">Am 18.11.2014 haben wir uns im M\u00fclheimer Bezirksrathaus mit dem M\u00fclheimer Bezirksb\u00fcrgermeister Norbert Fuchs (SPD) getroffen. Wir durften unsere Forderungen vorstellen und haben\u00a0einige Punkte\u00a0sofort intensiv diskutiert.<\/p>\n<p style=\"text-align: justify;\">Herr Fuchs hat uns dar\u00fcber informiert, dass in K\u00fcrze das Verkehrsgutachten zu den\u00a0Bauprojekten Kochwiesenstra\u00dfe,\u00a0Baumwollbleicherei und Krankenhaus\u00a0vorgestellt wird. Au\u00dferdem konnte er uns zum Punkt 6c) unserer Forderungen &#8222;Intelligente Ampelschaltungen auf der Bergisch Gladbacher Stra\u00dfe&#8220; einen Zwischenstand geben: Die Ampelschaltungen h\u00e4ngen vom Verkehrsrechner K\u00f6ln-Ost ab, der veraltet ist und dringend erneuert werden muss. Wann dieser Rechner ausgetauscht wird, ist allerdings noch unklar.<\/p>\n<p style=\"text-align: justify;\">Es soll, von der M\u00fclheimer SPD organisiert, einen \u00fcberparteilichen Arbeitskreis f\u00fcr\u00a0Verkehr geben, in dem ein Verkehrskonzept und entsprechende Antr\u00e4ge an die Verwaltung erstellt werden sollen. Zu diesem Arbeitskreis werden auch wir eingeladen.<\/p>\n<p style=\"text-align: justify;\">Herr Fuchs hat unsere Vorschl\u00e4ge gelobt, da sie eine gute Grundlage f\u00fcr die weitere Planung seien und\u00a0bisher noch keiner\u00a0das Thema so umf\u00e4nglich dokumentiert hat. Au\u00dferdem m\u00f6chte er mit Herrn Honecker sprechen, der seit kurzem Leiter des Stadtplanungsamts in Bergisch Gladbach ist (vorher K\u00f6ln), um nach einer st\u00e4dte\u00fcbergreifenden L\u00f6sung zu suchen.<\/p>\n<p>&nbsp;<\/p>\n","protected":false},"excerpt":{"rendered":"<p>Am 18.11.2014 haben wir uns im M\u00fclheimer Bezirksrathaus mit dem M\u00fclheimer Bezirksb\u00fcrgermeister Norbert Fuchs (SPD) getroffen. Wir durften unsere Forderungen vorstellen und haben\u00a0einige Punkte\u00a0sofort intensiv diskutiert. Herr Fuchs hat uns dar\u00fcber informiert, dass in K\u00fcrze das Verkehrsgutachten zu den\u00a0Bauprojekten Kochwiesenstra\u00dfe,\u00a0Baumwollbleicherei und Krankenhaus\u00a0vorgestellt wird. Au\u00dferdem konnte er uns zum Punkt 6c) unserer Forderungen &#8222;Intelligente Ampelschaltungen auf [&hellip;]<\/p>\n","protected":false},"author":1,"featured_media":0,"comment_status":"open","ping_status":"open","sticky":false,"template":"","format":"standard","meta":{"footnotes":""},"categories":[23,24,4,9,16],"tags":[],"_links":{"self":[{"href":"https:\/\/transfer.verkehr-holweide.de\/index.php?rest_route=\/wp\/v2\/posts\/181"}],"collection":[{"href":"https:\/\/transfer.verkehr-holweide.de\/index.php?rest_route=\/wp\/v2\/posts"}],"about":[{"href":"https:\/\/transfer.verkehr-holweide.de\/index.php?rest_route=\/wp\/v2\/types\/post"}],"author":[{"embeddable":true,"href":"https:\/\/transfer.verkehr-holweide.de\/index.php?rest_route=\/wp\/v2\/users\/1"}],"replies":[{"embeddable":true,"href":"https:\/\/transfer.verkehr-holweide.de\/index.php?rest_route=%2Fwp%2Fv2%2Fcomments&post=181"}],"version-history":[{"count":2,"href":"https:\/\/transfer.verkehr-holweide.de\/index.php?rest_route=\/wp\/v2\/posts\/181\/revisions"}],"predecessor-version":[{"id":187,"href":"https:\/\/transfer.verkehr-holweide.de\/index.php?rest_route=\/wp\/v2\/posts\/181\/revisions\/187"}],"wp:attachment":[{"href":"https:\/\/transfer.verkehr-holweide.de\/index.php?rest_route=%2Fwp%2Fv2%2Fmedia&parent=181"}],"wp:term":[{"taxonomy":"category","embeddable":true,"href":"https:\/\/transfer.verkehr-holweide.de\/index.php?rest_route=%2Fwp%2Fv2%2Fcategories&post=181"},{"taxonomy":"post_tag","embeddable":true,"href":"https:\/\/transfer.verkehr-holweide.de\/index.php?rest_route=%2Fwp%2Fv2%2Ftags&post=181"}],"curies":[{"name":"wp","href":"https:\/\/api.w.org\/{rel}","templated":true}]}}