{"id":27,"date":"2014-07-03T00:54:56","date_gmt":"2014-07-02T22:54:56","guid":{"rendered":"http:\/\/www.verkehr-holweide.de\/?p=27"},"modified":"2014-11-21T14:47:07","modified_gmt":"2014-11-21T12:47:07","slug":"27","status":"publish","type":"post","link":"https:\/\/transfer.verkehr-holweide.de\/?p=27","title":{"rendered":"R\u00fcckmeldung von Serap G\u00fcler (MdL, CDU)"},"content":{"rendered":"<p style=\"text-align: justify;\">Sehr geehrte Frau Gl\u00fcck,<\/p>\n<p style=\"text-align: justify;\">unser Bundestagsabgeordneter Helmut Nowak teilte mit, dass er \u00fcber die Situation bereits mit dem Bundesverkehrsminister gesprochen habe.<\/p>\n<p style=\"text-align: justify;\">Gerne m\u00f6chte ich an dieser Stelle auch daran erinnern, dass der Verkehr durch die Sperrung von Umgehungsrouten und die fehlende Verbreiterung der Bergisch Gladbacher Stra\u00dfe so konzentriert wurde, was Rot-Gr\u00fcn zu verdanken ist. \u00d6PNV Ausbau hei\u00dft nicht, dass er auch genutzt wird.<\/p>\n<p style=\"text-align: justify;\">Mehr Entlastung w\u00fcrde definitiv ein neuer Autobahnanschluss f\u00fcr Bergisch Gladbach herbeif\u00fchren. Wir hoffen da auf die Unterst\u00fctzung des Bundesverkehrsministers.<\/p>\n<p style=\"text-align: justify;\">Beste Gr\u00fc\u00dfe<\/p>\n<p style=\"text-align: justify;\">Serap G\u00fcler<br \/>\nMitglied des Landtags NRW<br \/>\nCDU Fraktion<\/p>\n<hr \/>\n<p style=\"text-align: right;\">04.07.14<\/p>\n<p style=\"text-align: justify;\">Sehr geehrte Frau G\u00fcler,<\/p>\n<p style=\"text-align: justify;\">vielen Dank f\u00fcr Ihre Nachricht.<\/p>\n<p style=\"text-align: justify;\">Es freut uns, dass Herr Nowak mit dem Bundesverkehrsminister gesprochen hat. Was war das Ergebnis des Gespr\u00e4ches?<\/p>\n<p style=\"text-align: justify;\">Die Verkehrsprobleme in Holweide sind \u00fcber 30 Jahre alt und konnten bisher leider unter keiner politischen Couleur gel\u00f6st werden. Deshalb setzen wir darauf, dass alle Politiker sich zusammensetzen und unabh\u00e4ngig vom Parteibuch f\u00fcr uns B\u00fcrger eine L\u00f6sung finden.<\/p>\n<p style=\"text-align: justify;\">Eine Verbreiterung der Bergisch Gladbacher Stra\u00dfe oder die \u00d6ffnung von Umgehungsrouten innerhalb von Holweide ist unter den momentanen Umst\u00e4nden\u00a0nicht in unserem Sinne. Das w\u00fcrde nur Mehrverkehr in Holweide bedeuten und keine Entlastung f\u00fcr uns bringen.<\/p>\n<p style=\"text-align: justify;\">Momentan ist der \u00d6PNV zwischen Bergisch Gladbach und K\u00f6ln de facto nicht existent. Hier muss dringend ausgebaut werden! Sicherlich werden nicht alle Autofahrer auf den \u00d6PNV umsteigen. Es soll aber die M\u00f6glichkeit gegeben sein, damit sich jeder einen passenden Weg zur Arbeit oder in die Nachbarstadt suchen kann.<\/p>\n<p style=\"text-align: justify;\">Ein Autobahnanschluss f\u00fcr Bergisch Gladbach muss dringend her! \u00a0Allerdings reicht diese Ma\u00dfnahme alleine auch nicht. Nur die Kombination der von uns geforderten Ma\u00dfnahmen bringt aus unserer Sicht dauerhaft eine Entspannung f\u00fcr Bergisch Gladbach und das rechtsrheinische K\u00f6ln.<\/p>\n<p style=\"text-align: justify;\">Wir freuen uns auf Ihre R\u00fcckmeldung und sind f\u00fcr Ihre Unterst\u00fctzung sehr dankbar.<\/p>\n<p style=\"text-align: justify;\">Mit freundlichen Gr\u00fc\u00dfen<\/p>\n<p style=\"text-align: justify;\">Maja Gl\u00fcck<\/p>\n","protected":false},"excerpt":{"rendered":"<p>Sehr geehrte Frau Gl\u00fcck, unser Bundestagsabgeordneter Helmut Nowak teilte mit, dass er \u00fcber die Situation bereits mit dem Bundesverkehrsminister gesprochen habe. Gerne m\u00f6chte ich an dieser Stelle auch daran erinnern, dass der Verkehr durch die Sperrung von Umgehungsrouten und die fehlende Verbreiterung der Bergisch Gladbacher Stra\u00dfe so konzentriert wurde, was Rot-Gr\u00fcn zu verdanken ist. \u00d6PNV [&hellip;]<\/p>\n","protected":false},"author":1,"featured_media":0,"comment_status":"open","ping_status":"open","sticky":false,"template":"","format":"standard","meta":{"footnotes":""},"categories":[19,21,23,3,10,15],"tags":[],"_links":{"self":[{"href":"https:\/\/transfer.verkehr-holweide.de\/index.php?rest_route=\/wp\/v2\/posts\/27"}],"collection":[{"href":"https:\/\/transfer.verkehr-holweide.de\/index.php?rest_route=\/wp\/v2\/posts"}],"about":[{"href":"https:\/\/transfer.verkehr-holweide.de\/index.php?rest_route=\/wp\/v2\/types\/post"}],"author":[{"embeddable":true,"href":"https:\/\/transfer.verkehr-holweide.de\/index.php?rest_route=\/wp\/v2\/users\/1"}],"replies":[{"embeddable":true,"href":"https:\/\/transfer.verkehr-holweide.de\/index.php?rest_route=%2Fwp%2Fv2%2Fcomments&post=27"}],"version-history":[{"count":9,"href":"https:\/\/transfer.verkehr-holweide.de\/index.php?rest_route=\/wp\/v2\/posts\/27\/revisions"}],"predecessor-version":[{"id":211,"href":"https:\/\/transfer.verkehr-holweide.de\/index.php?rest_route=\/wp\/v2\/posts\/27\/revisions\/211"}],"wp:attachment":[{"href":"https:\/\/transfer.verkehr-holweide.de\/index.php?rest_route=%2Fwp%2Fv2%2Fmedia&parent=27"}],"wp:term":[{"taxonomy":"category","embeddable":true,"href":"https:\/\/transfer.verkehr-holweide.de\/index.php?rest_route=%2Fwp%2Fv2%2Fcategories&post=27"},{"taxonomy":"post_tag","embeddable":true,"href":"https:\/\/transfer.verkehr-holweide.de\/index.php?rest_route=%2Fwp%2Fv2%2Ftags&post=27"}],"curies":[{"name":"wp","href":"https:\/\/api.w.org\/{rel}","templated":true}]}}