{"id":276,"date":"2014-12-23T18:37:58","date_gmt":"2014-12-23T16:37:58","guid":{"rendered":"http:\/\/www.verkehr-holweide.de\/?p=276"},"modified":"2015-01-10T18:08:22","modified_gmt":"2015-01-10T16:08:22","slug":"276","status":"publish","type":"post","link":"https:\/\/transfer.verkehr-holweide.de\/?p=276","title":{"rendered":"R\u00fcckmeldung der K\u00f6lner Gr\u00fcnen"},"content":{"rendered":"<p style=\"text-align: justify;\">Sehr geehrte Frau Gl\u00fcck,<br \/>\nsehr geehrte Damen und Herren der B\u00fcrgervereinigung Holweide,<\/p>\n<p style=\"text-align: justify;\">zun\u00e4chst einmal m\u00f6chte ich mich f\u00fcr das konstruktive Gespr\u00e4ch mit Ihnen und die Vorschl\u00e4ge der B\u00fcrgervereinigung K\u00f6ln-Holweide e.V. im Namen des Ortsverbands der M\u00fclheimer Gr\u00fcnen noch einmal ausdr\u00fccklich bedanken.<\/p>\n<p style=\"text-align: justify;\">In der Zwischenzeit haben wir uns eingehend mit dem von Ihnen erarbeiteten Verkehrskonzept befasst. Um nachhaltig eine Entlastung f\u00fcr die Menschen in Holweide zu erzielen, begr\u00fc\u00dfen wir vor allem diejenigen Punkte, die die Belastungen durch den motorisierten Verkehr reduzieren k\u00f6nnten.<\/p>\n<p style=\"text-align: justify;\">F\u00fcr den Ausbau des Radwegenetzes und die St\u00e4rkung des \u00f6ffentlichen Personennahverkehrs werden wir uns weiterhin nachdr\u00fccklich einsetzen. Viele Vorschl\u00e4ge sind bereits gemacht und in die politischen Gremien eingebracht, allerdings noch nicht umgesetzt worden. Hier muss immer wieder hartn\u00e4ckig nachgefragt werden, damit sie realisiert werden.<\/p>\n<p style=\"text-align: justify;\">Zu den Punkten, die auch die Interessen von Bergisch-Gladbach betreffen, werden wir uns mit den \u00f6rtlichen Gr\u00fcnen austauschen. Ebenfalls sind wir mit unseren Verkehrsexperten aus der Gr\u00fcnen Ratsfraktion im Gespr\u00e4ch, um die Verkehrssituation im Stadtteil Holweide und in M\u00fclheim insgesamt zu verbessern.<\/p>\n<p style=\"text-align: justify;\">Unser Ansatz ist es, Konzepte zu erarbeiten und umzusetzen, die zur Verkehrsvermeidung beitragen. Den Ausbau von Stra\u00dfen und Autobahnzubringern sehen wir eher kritisch, da Wohngebiete betroffen sind und weitere Verkehrswege erfahrungsgem\u00e4\u00df weiteren Verkehr nach sich ziehen.<\/p>\n<p style=\"text-align: justify;\">Gerne informieren wir Sie \u00fcber konkrete Ergebnisse und ich hoffe, dass wir miteinander im Gespr\u00e4ch bleiben.<\/p>\n<p style=\"text-align: justify;\">Bei dieser Gelegenheit m\u00f6chte ich Ihnen sch\u00f6ne Weihnachtstage und alles Gute f\u00fcr 2015 w\u00fcnschen!<\/p>\n<p style=\"text-align: justify;\">Mit besten Gr\u00fc\u00dfen,<\/p>\n<p style=\"text-align: justify;\">Ursula Schl\u00f6mer \u00a0\u00a0\u00a0\u00a0\u00a0\u00a0\u00a0\u00a0\u00a0\u00a0\u00a0\u00a0\u00a0\u00a0\u00a0gez. Dagmar Becker<\/p>\n<p style=\"text-align: justify;\">f\u00fcr den Ortsverband K\u00f6ln-M\u00fclheim<br \/>\n&#8211; B\u00fcndnis 90\/Die Gr\u00fcnen &#8211;<\/p>\n","protected":false},"excerpt":{"rendered":"<p>Sehr geehrte Frau Gl\u00fcck, sehr geehrte Damen und Herren der B\u00fcrgervereinigung Holweide, zun\u00e4chst einmal m\u00f6chte ich mich f\u00fcr das konstruktive Gespr\u00e4ch mit Ihnen und die Vorschl\u00e4ge der B\u00fcrgervereinigung K\u00f6ln-Holweide e.V. im Namen des Ortsverbands der M\u00fclheimer Gr\u00fcnen noch einmal ausdr\u00fccklich bedanken. In der Zwischenzeit haben wir uns eingehend mit dem von Ihnen erarbeiteten Verkehrskonzept befasst. [&hellip;]<\/p>\n","protected":false},"author":1,"featured_media":0,"comment_status":"open","ping_status":"open","sticky":false,"template":"","format":"standard","meta":{"footnotes":""},"categories":[19,18,21,22,23,24,20,6,9],"tags":[],"_links":{"self":[{"href":"https:\/\/transfer.verkehr-holweide.de\/index.php?rest_route=\/wp\/v2\/posts\/276"}],"collection":[{"href":"https:\/\/transfer.verkehr-holweide.de\/index.php?rest_route=\/wp\/v2\/posts"}],"about":[{"href":"https:\/\/transfer.verkehr-holweide.de\/index.php?rest_route=\/wp\/v2\/types\/post"}],"author":[{"embeddable":true,"href":"https:\/\/transfer.verkehr-holweide.de\/index.php?rest_route=\/wp\/v2\/users\/1"}],"replies":[{"embeddable":true,"href":"https:\/\/transfer.verkehr-holweide.de\/index.php?rest_route=%2Fwp%2Fv2%2Fcomments&post=276"}],"version-history":[{"count":2,"href":"https:\/\/transfer.verkehr-holweide.de\/index.php?rest_route=\/wp\/v2\/posts\/276\/revisions"}],"predecessor-version":[{"id":283,"href":"https:\/\/transfer.verkehr-holweide.de\/index.php?rest_route=\/wp\/v2\/posts\/276\/revisions\/283"}],"wp:attachment":[{"href":"https:\/\/transfer.verkehr-holweide.de\/index.php?rest_route=%2Fwp%2Fv2%2Fmedia&parent=276"}],"wp:term":[{"taxonomy":"category","embeddable":true,"href":"https:\/\/transfer.verkehr-holweide.de\/index.php?rest_route=%2Fwp%2Fv2%2Fcategories&post=276"},{"taxonomy":"post_tag","embeddable":true,"href":"https:\/\/transfer.verkehr-holweide.de\/index.php?rest_route=%2Fwp%2Fv2%2Ftags&post=276"}],"curies":[{"name":"wp","href":"https:\/\/api.w.org\/{rel}","templated":true}]}}