{"id":305,"date":"2015-04-17T10:53:57","date_gmt":"2015-04-17T08:53:57","guid":{"rendered":"http:\/\/www.verkehr-holweide.de\/?p=305"},"modified":"2015-04-17T11:22:49","modified_gmt":"2015-04-17T09:22:49","slug":"beschluesse-der-bezirksvertretung-muelheim","status":"publish","type":"post","link":"https:\/\/transfer.verkehr-holweide.de\/?p=305","title":{"rendered":"Verkehrskonzept f\u00fcr Holweide in der Bezirksvertretung M\u00fclheim"},"content":{"rendered":"<p style=\"text-align: justify;\">Unsere Bem\u00fchungen tragen Fr\u00fcchte &#8211; es wurden endlich erste Beschl\u00fcsse gefasst, dass ein Verkehrskonzept f\u00fcr Holweide erarbeitet werden muss. Weitere Informationen hierzu gibt es bei der 7. Sitzung der Bezirksvertretung M\u00fclheim BV9\/0007\/2015 am 27.04.2015 um 17:00 Uhr im Bezirksrathaus M\u00fclheim, VHS-Saal, Wiener Platz 2a, 51065 K\u00f6ln:<\/p>\n<p style=\"text-align: justify;\"><strong>Sachstand zu den Beschl\u00fcssen bez\u00fcglich der Verkehrssituation s\u00fcdlich der Bergisch Gladbacher Stra\u00dfe in K\u00f6ln-Holweide\/Dellbr\u00fcck, hier: Beschl\u00fcsse der Bezirksvertretung M\u00fclheim vom 08.03.2010, TOP 8.1.1 und vom 24.03.2014, TOP&#8217;s 8.1.3 sowie 8.1.4 (Quelle: <a title=\"Ratsinformationssystem\" href=\"http:\/\/ratsinformation.stadt-koeln.de\/vo0050.asp?__kvonr=49973&amp;voselect=14006\" target=\"_blank\">Ratsinformationssystem<\/a>)<\/strong><\/p>\n<p style=\"text-align: justify;\">Die verkehrliche Situation im rechtsrheinischen K\u00f6lner Norden und insbesondere auf der\u00a0Bergisch Gladbacher Stra\u00dfe ist bereits heute an verschiedenen Stellen nicht optimal. Die gro\u00dfr\u00e4umige Betrachtung zeigt Defizite im \u00fcbergeordneten Netz. Dies gilt sowohl f\u00fcr den Stra\u00dfen- als auch den Schienenverkehr. Dies f\u00fchrt zu Verkehrs\u00fcberlastungen und z. T. zu unerw\u00fcnschten Verkehrsverlagerungen im Stra\u00dfennetz.<\/p>\n<p style=\"text-align: justify;\">Die zu geringe Zahl an Autobahnanschlussstellen und Verkehrsanbindungen an das \u00fcbergeordnete Netz im rechtsrheinischen Raum in und um K\u00f6ln tragen erheblich zur \u00dcberlastung der Bergisch Gladbacher Stra\u00dfe und der umliegenden Stra\u00dfen bei.<\/p>\n<p style=\"text-align: justify;\">Die bisherigen \u00dcberlegungen zeigen, dass eine sp\u00fcrbare Verbesserung nur erreicht werden kann, wenn mehrere Projekte gleichzeitig und aufeinander abgestimmt entwickelt und m\u00f6glichst zeitnah zueinander umgesetzt werden. Dabei sind sowohl gegenw\u00e4rtige als auch erwartende Verkehrsmengen zu ber\u00fccksichtigen. Hierbei ist zu unterscheiden zwischen kurzfristig umzusetzende Verkehrsl\u00f6sungen und mittel- bis langfristigen Projekten, die eine \u00fcbergreifende Bedeutung haben. Dies spiegelt sich in den oben genannten Beschl\u00fcssen der Bezirksvertretung M\u00fclheim sowie in den <a href=\"http:\/\/www.verkehr-holweide.de\/?page_id=132\">Vorschl\u00e4gen der B\u00fcrgervereinigung K\u00f6ln-Holweide e. V.<\/a> wieder.<\/p>\n<p style=\"text-align: justify;\">Zu den kurzfristig umsetzbaren Ma\u00dfnahmen geh\u00f6ren zum einen die beschlossenen verkehrlichen Ver\u00e4nderungen auf der Bergisch Gladbacher Stra\u00dfe an der Autobahnanschlussstelle Dellbr\u00fcck als auch an der Einm\u00fcndung der Johann-Bensberg-Stra\u00dfe und Piccoloministra\u00dfe. F\u00fcr diese Vorhaben wird momentan eine Ausf\u00fchrungsplanung erstellt.<\/p>\n<p style=\"text-align: justify;\">Im Zuge von mehreren st\u00e4dtebaulichen Vorhaben ist ein Verkehrsgutachten beauftragt worden, um verkehrliche L\u00f6sungen f\u00fcr das Gebiet s\u00fcdlich der Bergisch Gladbacher Stra\u00dfe zu entwickeln. Diese Verkehrsuntersuchung befindet sich in der Abschlussphase. Nach Vorliegen des Gutachtens wird die Verwaltung ein Gespr\u00e4ch mit der Bezirksvertretung anstreben, in dem das Verkehrsgutachten und die Ma\u00dfnahmen vorgestellt und diskutiert werden.<\/p>\n<hr \/>\n<p style=\"text-align: justify;\"><strong>Sitzung: 24.03.2014 BV9\/0037\/2014<\/strong><\/p>\n<p style=\"text-align: justify;\">Herr Bezirksb\u00fcrgermeister Fuchs l\u00e4sst \u00fcber TOP 8.1.3 und 8.1.4 gemeinsam abstimmen.<br \/>\n<strong>TOP 8.1.3: Antrag der SPD-Fraktion &#8222;Verkehrskonzept Holweide-S\u00fcd&#8220;<\/strong><br \/>\nBeschluss: Die Bezirksvertretung M\u00fclheim beauftragt die Verwaltung f\u00fcr den oben genannten Bereich ein schl\u00fcssiges Verkehrskonzept zu erstellen und der BV M\u00fclheim zeitnah vorzustellen.<\/p>\n<p style=\"text-align: justify;\">Abstimmungsergebnis: Einstimmig beschlossen.<\/p>\n<p style=\"text-align: justify;\"><strong>TOP 8.1.4: Antrag der Fraktion B\u00fcndnis 90\/Die Gr\u00fcnen &#8222;Verkehrskonzept f\u00fcr das s\u00fcdliche Holweide&#8220;<\/strong><\/p>\n<p style=\"text-align: justify;\">Beschluss: Die Verwaltung wird beauftragt, f\u00fcr das s\u00fcdliche Holweide (Bereich s\u00fcdlich der Bergisch Gladbacher Stra\u00dfe) ein ganzheitliches Verkehrskonzept &#8211; insbesondere unter Ber\u00fccksichtigung der diversen geplanten Neubauvorhaben &#8211; zu erstellen. Falls bereits ein solches Verkehrskonzept existiert, bitten wir um Vorstellung und Erl\u00e4uterung<\/p>\n<p style=\"text-align: justify;\">Abstimmungsergebnis: Einstimmig beschlossen.<\/p>\n<hr \/>\n<p style=\"text-align: justify;\"><strong>Sitzung: 08.03.2010 BV9\/0005\/2010<\/strong><\/p>\n<p style=\"text-align: justify;\"><strong>TOP 8.1.1: Antrag der CDU-Fraktion &#8222;Verkehrsflussanalyse f\u00fcr den Stadtteil K\u00f6ln-Dellbr\u00fcck&#8220;<\/strong><br \/>\nGe\u00e4nderter Beschluss: Die Bezirksvertretung M\u00fclheim beauftragt die Verwaltung, die Verkehrsfl\u00fcsse im Stadtbezirk M\u00fclheim zu analysieren. Besondere Ber\u00fccksichtigung sollen herbei finden<\/p>\n<p style=\"text-align: justify;\">a) der LKW- und PKW-Verkehr von Bergisch Gladbach durch Dellbr\u00fcck Richtung Innenstadt bzw. Autobahn einerseits auf der Bergisch Gladbacher Stra\u00dfe und andererseits auf der Gierather Stra\u00dfe, dem Penningsfelder Weg und dem Bensberger Marktweg<\/p>\n<p style=\"text-align: justify;\">b) die Umgehungswege f\u00fcr die Bergisch Gladbacher Stra\u00dfe<\/p>\n<p style=\"text-align: justify;\">c) die Verkehrssituation auf und um die Dellbr\u00fccker Hauptstra\u00dfe<\/p>\n<p style=\"text-align: justify;\">Ferner wird die Verwaltung beauftragt, Handlungsm\u00f6glichkeiten zu erarbeiten, die einerseits den Fluss des Individualverkehrs gew\u00e4hrleisten und andererseits diesen mit der Beruhigung von Wohnquartieren in Einklang bringen.<\/p>\n<p style=\"text-align: justify;\">Au\u00dferdem bittet die Bezirksvertretung die Verwaltung, ihr aktuell zu berichten, wie weit die Planungen f\u00fcr einen direkten Autobahnanschluss in Bergisch Gladbach fortgeschritten sind.<br \/>\nAbstimmungsergebnis: Einstimmig beschlossen.<\/p>\n","protected":false},"excerpt":{"rendered":"<p>Unsere Bem\u00fchungen tragen Fr\u00fcchte &#8211; es wurden endlich erste Beschl\u00fcsse gefasst, dass ein Verkehrskonzept f\u00fcr Holweide erarbeitet werden muss. Weitere Informationen hierzu gibt es bei der 7. Sitzung der Bezirksvertretung M\u00fclheim BV9\/0007\/2015 am 27.04.2015 um 17:00 Uhr im Bezirksrathaus M\u00fclheim, VHS-Saal, Wiener Platz 2a, 51065 K\u00f6ln: Sachstand zu den Beschl\u00fcssen bez\u00fcglich der Verkehrssituation s\u00fcdlich der [&hellip;]<\/p>\n","protected":false},"author":1,"featured_media":0,"comment_status":"open","ping_status":"open","sticky":false,"template":"","format":"standard","meta":{"footnotes":""},"categories":[23,24,9,12],"tags":[],"_links":{"self":[{"href":"https:\/\/transfer.verkehr-holweide.de\/index.php?rest_route=\/wp\/v2\/posts\/305"}],"collection":[{"href":"https:\/\/transfer.verkehr-holweide.de\/index.php?rest_route=\/wp\/v2\/posts"}],"about":[{"href":"https:\/\/transfer.verkehr-holweide.de\/index.php?rest_route=\/wp\/v2\/types\/post"}],"author":[{"embeddable":true,"href":"https:\/\/transfer.verkehr-holweide.de\/index.php?rest_route=\/wp\/v2\/users\/1"}],"replies":[{"embeddable":true,"href":"https:\/\/transfer.verkehr-holweide.de\/index.php?rest_route=%2Fwp%2Fv2%2Fcomments&post=305"}],"version-history":[{"count":10,"href":"https:\/\/transfer.verkehr-holweide.de\/index.php?rest_route=\/wp\/v2\/posts\/305\/revisions"}],"predecessor-version":[{"id":326,"href":"https:\/\/transfer.verkehr-holweide.de\/index.php?rest_route=\/wp\/v2\/posts\/305\/revisions\/326"}],"wp:attachment":[{"href":"https:\/\/transfer.verkehr-holweide.de\/index.php?rest_route=%2Fwp%2Fv2%2Fmedia&parent=305"}],"wp:term":[{"taxonomy":"category","embeddable":true,"href":"https:\/\/transfer.verkehr-holweide.de\/index.php?rest_route=%2Fwp%2Fv2%2Fcategories&post=305"},{"taxonomy":"post_tag","embeddable":true,"href":"https:\/\/transfer.verkehr-holweide.de\/index.php?rest_route=%2Fwp%2Fv2%2Ftags&post=305"}],"curies":[{"name":"wp","href":"https:\/\/api.w.org\/{rel}","templated":true}]}}