{"id":362,"date":"2015-08-01T23:42:24","date_gmt":"2015-08-01T21:42:24","guid":{"rendered":"http:\/\/www.verkehr-holweide.de\/?p=362"},"modified":"2015-08-01T23:59:27","modified_gmt":"2015-08-01T21:59:27","slug":"wie-stehen-sie-zum-rrx","status":"publish","type":"post","link":"https:\/\/transfer.verkehr-holweide.de\/?p=362","title":{"rendered":"Wie stehen Sie zum RRX-Halt in K\u00f6ln-M\u00fclheim?"},"content":{"rendered":"<p style=\"text-align: justify;\">Wir haben K\u00f6lner Politiker gefragt, wie diese zum RRX-Halt in K\u00f6ln-M\u00fclheim stehen (dieser ist momentan noch nicht in den Planungen enthalten). Hier die Antworten:<\/p>\n<hr \/>\n<p style=\"text-align: justify;\"><strong>Tobias Jacquemain, SPD-Ortsvereinsvorsitzender K\u00f6ln-M\u00fclheim\/Buchforst<\/strong><\/p>\n<p style=\"text-align: justify;\">Zu dem RRX-Halt K\u00f6ln-M\u00fclheim hat sich die lokale SPD stets eindeutig positioniert. Diese Haltung k\u00f6nnen Sie auch aus einer Pressemitteilung entnehmen, die ich Ihnen anbei gerne weiterleite:<\/p>\n<p style=\"text-align: justify;\"><em>Im jetzigen Gutachten des Bundes (Stand 2006) ist f\u00fcr den Rhein-Ruhr-Express (RRX) der Haltepunkt K\u00f6ln-M\u00fclheim nicht ber\u00fccksichtigt, da dieser Haltepunkt durch die S-Bahn-Anbindung abgedeckt sei. Zudem ist dieser nicht in einem Planfeststellungsabschnitt enthalten.<\/em><br \/>\n<em>Aus diesen Gr\u00fcnden haben sich Mandatstr\u00e4ger der K\u00f6lner SPD stets f\u00fcr die Ber\u00fccksichtigung des f\u00fcr die K\u00f6ln-M\u00fclheimer B\u00fcrgerinnen und B\u00fcrger relevanten Halts ausgesprochen. Im Oktober 2013 haben alle K\u00f6lner SPD-Abgeordneten aus Bund und Land gemeinsam mit weiteren K\u00f6lner Abgeordneten anderer Parteien in einem offenen Brief an den Landes- und an den Bundesverkehrsminister den \u201eSystemhalt des RRX in K\u00f6ln-M\u00fclheim\u201c gefordert. Auch die SPD in K\u00f6ln-M\u00fclheim setzt sich selbstverst\u00e4ndlich daf\u00fcr ein, dass der RRX am Bahnhof K\u00f6ln-M\u00fclheim h\u00e4lt. F\u00fcr einen Stadtbezirk mit \u00fcber 140.000 Einwohnern ist die Ber\u00fccksichtigung dieses Haltepunkts von gro\u00dfer Relevanz! Diese Auffassung haben sowohl der Vorsitzende der K\u00f6lnSPD Jochen Ott als auch M\u00fclheims Bezirksb\u00fcrgermeister Norbert Fuchs \u00f6ffentlich wiederholt vertreten. Nicht nur f\u00fcr den gr\u00f6\u00dften Stadtbezirk K\u00f6lns, sondern auch f\u00fcr den \u00fcber den Nahverkehr angebundenen Siedlungsraum rund um K\u00f6ln, ist der Systemhalt enorm wichtig. \u201eWir sind den B\u00fcrgerinnen und B\u00fcrgern gegen\u00fcber verpflichtet f\u00fcr den Systemhalt des RRX in M\u00fclheim zu k\u00e4mpfen\u201c, erkl\u00e4rt Tobias Jacquemain, Vorsitzender der SPD K\u00f6ln-M\u00fclheim\/Buchforst.<\/em><\/p>\n<p style=\"text-align: justify;\"><em>Das politische Ziel, vielen Menschen nah erreichbare Mobilit\u00e4t zu erm\u00f6glichen, ist zu bedeutsam, als es Opfer parteipolitischen Duellen zum Opfer werden zu lassen. Vielmehr sollten alle Parteien konstruktiv f\u00fcr den Systemhalt k\u00e4mpfen. Die \u00f6ffentliche Veranstaltung der CDU-Landtagsabgeordneten G\u00fcler (02.12.2014) zielt dagegen offenkundig nur auf die pers\u00f6nliche Profilierung ab, wenn es die CDU noch nicht einmal schafft eine einheitliche Position zu dieser Thematik zu vertreten. Im Zusammenhang mit der Beratung \u00fcber den RRX-Systemhalt f\u00fcr K\u00f6ln-M\u00fclheim pl\u00e4diert der Landtagsabgeordnete der CDU Herr Hausmann im Verkehrsausschuss (18.09.2014) gegen einen dortigen Systemhalt: Er wolle im Zusammenhang mit der m\u00f6glichen Ber\u00fccksichtigung K\u00f6ln-M\u00fclheims nicht \u201eimmer wieder diskutieren, welcher Kirchturm denn auch noch mit angebunden werden soll.\u201c<\/em><br \/>\n<em>Es gilt nun zun\u00e4chst die Wirtschaftlichkeitsberechnung und den Bundesverkehrswegeplan abzuwarten, doch dann wird der Systemhalt K\u00f6ln-M\u00fclheim kommen. Bis zum Jahr 2030 ist die Ber\u00fccksichtigung des M\u00fclheimer Haltepunkts bereits jetzt schon gesichert!<\/em><\/p>\n<p style=\"text-align: justify;\">Wie Sie sehen stammt die Pressemitteilung von Ende letzten Jahres. Da das Thema unver\u00e4ndert Interesse hervorruft, hat die SPD-Landtagsfraktion im Bistro des Bezirksrathaus M\u00fclheim dazu k\u00fcrzlich auch eine \u00f6ffentliche Veranstaltung durchgef\u00fchrt. Mit der Teilnahme des NRW-Verkehrsministers Groschek und dem verkehrspolitischen Sprecher der SPD-Landtagsfraktion, Jochen Ott, wurde das Anliegen &#8222;Systemhalt des RRX in K\u00f6ln-M\u00fclheim&#8220; prominent aufgewertet. Beide bef\u00fcrworten den Haltepunkt M\u00fclheim und gehen davon aus, dass der Bahnhof auch \u00fcber 2030 (bis dahin ist der Halt bereits vertraglich gesichert) angefahren wird.<\/p>\n<hr \/>\n<p style=\"text-align: justify;\"><strong>Dr. Thomas Portz, Vorsitzender der CDU-Fraktion in der Bezirksvertretung M\u00fclheim<\/strong><\/p>\n<p style=\"text-align: justify;\">Mit dem Thema des RRX besch\u00e4ftigt sich die CDU-Fraktion in der Bezirkvertretung M\u00fclheim nun schon in der dritten Wahlperiode und wir haben uns stets f\u00fcr einen Halt in K\u00f6ln-M\u00fclheim eingesetzt.<\/p>\n<p style=\"text-align: justify;\">Ungeachtet dessen bleibt die Tatsache bestehen, dass weder Rat noch Bezirksvertretung \u00fcber diese Frage entscheiden, sondern Bund und Land. Wir haben deshalb nat\u00fcrlich auch auf unsere Bundes- und Landtagsabgeordenten eingewirkt, sich in dieser Frage zu engagieren.<\/p>\n<p style=\"text-align: justify;\">Unsere Landatgsabgeordnete, Frau Serap G\u00fcler, hat aus diesem Grunde am 2.12. 2014 eine auch in den Medien viel beachtete Informationsveranstaltung zu unseren Aktivit\u00e4ten hinsichtlich eines RRX-Halts in M\u00fclheim durchgef\u00fchrt. Zudem steht unser Bundestagsabgeordneter Helmut Nowak zu diesem Thema in stetem Kontakt mit Bundesverkehrsminister Alexander Dobrindt.<\/p>\n<p style=\"text-align: justify;\">Nicht zuletzt Herrn Nowaks Einsatz d\u00fcrfte es zu verdanken sein, dass der RRX-Halt in M\u00fclheim in der neuen Auflage des Bundesverkehrswegeplans nun als Option wieder auftaucht. Nach unserem Verst\u00e4ndnis d\u00fcrfte der Halt u.a. dadurch bis 2030 gesichert sein. Hier muss ich allerdings nach Ende der parlamentarischen Sommerpause weitere Informationen einholen.<\/p>\n<hr \/>\n<p style=\"text-align: justify;\"><strong>Dagmar Becker, B\u00dcNDNIS 90\/DIE GR\u00dcNEN, Sprecherin des Ortsverbands M\u00fclheim<\/strong><\/p>\n<p style=\"text-align: justify;\">Sowohl f\u00fcr die GR\u00dcNEN in M\u00fclheim als auch f\u00fcr unsere Vertretungen in st\u00e4dtischen Aussch\u00fcssen und im Landtag ist der RRX-Halt in M\u00fclheim ein wichtiges Thema, mit dem wir uns schon h\u00e4ufig befasst haben und das f\u00fcr die zuk\u00fcnfige Verkehrsplanung des Stadtbezirks grundlegende Bedeutung hat. [&#8230;]<\/p>\n<p style=\"text-align: justify;\">Mit der Initiative f\u00fcr den RRX-Halt in M\u00fclheim pfegen wir einen konstruktiven Austausch im Sinne der Sache. Ebenfalls im M\u00e4rz hatten wir &#8211; auch auf Initiative der Landtagsabgeordneten Andrea Asch &#8211; ein intensives Gespr\u00e4ch \u00fcber geplante Aktivit\u00e4ten mit der Initiative, dem verkehrspolitischen Sprecher der K\u00f6lner Gr\u00fcnen, Andreas Wolter, sowie mit Gr\u00fcnen aus der BV und dem Ortsverband. Die GR\u00dcNE Fraktion im Rat der Stadt K\u00f6ln hat im Dezember gemeinsam mit SPD und CDU einen Antrag eingebracht, der die Verwaltung beauftragt eine Untersuchung zum Bahnhof K\u00f6ln-M\u00fclheim zu erstellen. Ziel ist die Sicherung des RRX-Halts in M\u00fclheim.<\/p>\n<p style=\"text-align: justify;\">Weiterhin f\u00fchren wir Gespr\u00e4che zu verkehrspolitischen Themen und damit auch zum RRX-Halt mit den Ratsgr\u00fcnen, den Gr\u00fcnen aus Bergisch Gladbach etc..<\/p>\n<hr \/>\n<p style=\"text-align: justify;\">\u00a0<strong>Rolf Albach, Vorsitzender der FDP im Stadtbezirk M\u00fclheim<\/strong><\/p>\n<p style=\"text-align: justify;\">Wie erwartet, sind wir bez\u00fcglich des RRX-Haltes in K\u00f6ln-M\u00fclheim einer Meinung. Meine Parteifreundin Christtraut Kirchmeyer hatte das auch im Stimmbezirk M\u00fclheim bei der Kommunalwahl <a href=\"http:\/\/www.ksta.de\/muelheim\/-aktion-die-anhaenger-des-rrx-machen-druck,15187568,28485268.html\" target=\"_blank\">auf ihren Plakaten<\/a>.<\/p>\n<p style=\"text-align: justify;\">Wir m\u00fcssen zur Kenntnis nehmen, dass es bei der Bahn eine Reisezeitbilanz gibt, auf deren Basis der RRX gegen\u00fcber dem RE Deutz und LEV noch bedienen soll und M\u00fclheim und Benrath nicht. Das w\u00e4re eine Einsparung von 4 Minuten, 15% auf der Strecke K\u00f6ln-D\u00fcsseldorf. Die Bilanz ist in Frage zu stellen.<\/p>\n<p style=\"text-align: justify;\">Der D\u00fcsseldorfer OB und ein Bundestagsabgeordneter aus dem D\u00fcsseldorfer S\u00fcden haben genau das gemacht. Sie sind mit dem Stadtentwicklungskonzept nach Berlin gegangen und haben f\u00fcr Benrath gek\u00e4mpft. Die Presse berichtete zuversichtlich.<\/p>\n<p style=\"text-align: justify;\">Das st\u00e4nde auch M\u00fclheim gut an. Aber ich sehe von dem OB und vom zust\u00e4ndigen Bundestagsabgeordneten nichts Vergleichbares: bei Veranstaltungen zur Stadtentwicklung habe ich die ortsans\u00e4ssigen Bundestagsabgeordneten noch nicht gesehen. Deshalb k\u00e4mpfen wir f\u00fcr eine Oberb\u00fcrgermeisterin aus einem anderen Stall. Aber gerade Schanzenviertel, G\u00fcterbahnhof\/Zurich-Versicherung, M\u00fclheim-S\u00fcd, das Regionale2010-Projekt in GL sind Entwicklungen, die in der Bilanz der Bahn nicht enthalten sein k\u00f6nnen. Wachstum ist das, was die Bilanz ver\u00e4ndert.<\/p>\n<p>Aus Sicht der FDP muss die Stadtplanung vorlegen, wie M\u00fclheim wachsen kann. Wir sehen davon bereits gro\u00dfe Teile. Wir M\u00fclheimer m\u00fcssen uns entscheiden, ob und wieviel Wachstum wir wollen. Die FDP steht Wachstum grunds\u00e4tzlich sehr positiv gegen\u00fcber. Und mit der Wachstumsperspektive, die dabei f\u00fcr M\u00fclheim herauskomme kann, erwarte ich, dass wir auch den RRX-Halt nach M\u00fclheim bekommen k\u00f6nnen.<\/p>\n","protected":false},"excerpt":{"rendered":"<p>Wir haben K\u00f6lner Politiker gefragt, wie diese zum RRX-Halt in K\u00f6ln-M\u00fclheim stehen (dieser ist momentan noch nicht in den Planungen enthalten). Hier die Antworten: Tobias Jacquemain, SPD-Ortsvereinsvorsitzender K\u00f6ln-M\u00fclheim\/Buchforst Zu dem RRX-Halt K\u00f6ln-M\u00fclheim hat sich die lokale SPD stets eindeutig positioniert. Diese Haltung k\u00f6nnen Sie auch aus einer Pressemitteilung entnehmen, die ich Ihnen anbei gerne weiterleite: [&hellip;]<\/p>\n","protected":false},"author":1,"featured_media":0,"comment_status":"open","ping_status":"open","sticky":false,"template":"","format":"standard","meta":{"footnotes":""},"categories":[21,3,5,6,4,9],"tags":[],"_links":{"self":[{"href":"https:\/\/transfer.verkehr-holweide.de\/index.php?rest_route=\/wp\/v2\/posts\/362"}],"collection":[{"href":"https:\/\/transfer.verkehr-holweide.de\/index.php?rest_route=\/wp\/v2\/posts"}],"about":[{"href":"https:\/\/transfer.verkehr-holweide.de\/index.php?rest_route=\/wp\/v2\/types\/post"}],"author":[{"embeddable":true,"href":"https:\/\/transfer.verkehr-holweide.de\/index.php?rest_route=\/wp\/v2\/users\/1"}],"replies":[{"embeddable":true,"href":"https:\/\/transfer.verkehr-holweide.de\/index.php?rest_route=%2Fwp%2Fv2%2Fcomments&post=362"}],"version-history":[{"count":8,"href":"https:\/\/transfer.verkehr-holweide.de\/index.php?rest_route=\/wp\/v2\/posts\/362\/revisions"}],"predecessor-version":[{"id":370,"href":"https:\/\/transfer.verkehr-holweide.de\/index.php?rest_route=\/wp\/v2\/posts\/362\/revisions\/370"}],"wp:attachment":[{"href":"https:\/\/transfer.verkehr-holweide.de\/index.php?rest_route=%2Fwp%2Fv2%2Fmedia&parent=362"}],"wp:term":[{"taxonomy":"category","embeddable":true,"href":"https:\/\/transfer.verkehr-holweide.de\/index.php?rest_route=%2Fwp%2Fv2%2Fcategories&post=362"},{"taxonomy":"post_tag","embeddable":true,"href":"https:\/\/transfer.verkehr-holweide.de\/index.php?rest_route=%2Fwp%2Fv2%2Ftags&post=362"}],"curies":[{"name":"wp","href":"https:\/\/api.w.org\/{rel}","templated":true}]}}