{"id":466,"date":"2017-01-06T17:06:27","date_gmt":"2017-01-06T15:06:27","guid":{"rendered":"http:\/\/www.verkehr-holweide.de\/?p=466"},"modified":"2017-01-08T17:17:55","modified_gmt":"2017-01-08T15:17:55","slug":"466","status":"publish","type":"post","link":"https:\/\/transfer.verkehr-holweide.de\/?p=466","title":{"rendered":"Bezirksb\u00fcrgermeister Fuchs \u00fcber die Holweider Themen 2017"},"content":{"rendered":"<p style=\"text-align: justify;\">Der <a href=\"http:\/\/www.ksta.de\/koeln\/muelheim\/muelheim-bezirksbuergermeister-fuchs-will-2017-den-verkehr-entspannen-25480126\">K\u00f6lner Stadtanzeiger<\/a> hat den M\u00fclheimer Bezirksb\u00fcrgermeister Fuchs zu den wichtigsten Themen f\u00fcr 2017 interviewt. Hier die Themen, die Holweide betreffen:<\/p>\n<p style=\"text-align: justify;\"><strong>Bauprojekte<\/strong><\/p>\n<blockquote>\n<p style=\"text-align: justify;\">In Holweide haben die <strong>Bauarbeiten f\u00fcr neue Wohnungen auf dem Gel\u00e4nde der Baumwollbleicherei<\/strong> immer noch nicht begonnen. Auch an der Von-Quadt-Stra\u00dfe in Dellbr\u00fcck muss endlich begonnen werden, die geplanten Wohnungen zu bauen. Wenigstens das Wohnungsbauprojekt der GAG an der Bergisch Gladbacher Stra\u00dfe macht sichtbare Fortschritte. Mir ist wichtig, dass viel \u00f6ffentlich gef\u00f6rderter Wohnraum entsteht, in dem auch Fl\u00fcchtlinge leben k\u00f6nnen.<\/p>\n<\/blockquote>\n<p style=\"text-align: justify;\"><strong>Verkehrssituation in Holweide<\/strong><\/p>\n<blockquote>\n<p style=\"text-align: justify;\">Es kommt darauf an, die Verkehrssituation im gesamten Bezirk zu verbessern oder es zumindest anzugehen. Im Zentrum der Aufmerksamkeit stehen f\u00fcr mich der Clevische Ring, die <strong>Bergisch Gladbacher Stra\u00dfe<\/strong> und die Berliner Stra\u00dfe. Dort m\u00fcssen wir endlich den Lkw-Transitverkehr wegbekommen.<\/p>\n<p style=\"text-align: justify;\">Vielleicht hilft uns dabei, dass wegen der hohen Schadstoffbelastung am Clevischen Ring eine Klage der EU wegen Vertragsverletzung und der deutschen Umwelthilfe wegen massiver \u00dcberschreitung von Grenzwerten anh\u00e4ngig sind. Die Stadt und das Land m\u00fcssen nun endlich aktiv werden, bis hin zu Fahrverboten. Wir m\u00fcssen dabei aber sicherstellen, dass der Frachtverkehr innerhalb und aus dem Gebiet des Stadtbezirks heraus weiter funktioniert.<\/p>\n<\/blockquote>\n<blockquote>\n<p style=\"text-align: justify;\">Was den Ausbau des \u00f6ffentlichen Nahverkehrs angeht, bin ich optimistisch.\u00a0[&#8230;]<\/p>\n<p style=\"text-align: justify;\">Wir wollen auch anregen, die an der Stadtgrenze endende <strong>Stadtbahnlinie 4 bis nach Leverkusen hinein zu verl\u00e4ngern<\/strong>. Wie wir die <strong>\u00dcberlastung der Bergisch Gladbacher Stra\u00dfe<\/strong> in den Griff bekommen k\u00f6nnten, kann man ja in einem SPD-Antrag an den Verkehrsausschuss vom vergangenen Herbst lesen. Nun bin ich neugierig, was davon umgesetzt wird.<\/p>\n<\/blockquote>\n<blockquote>\n<p style=\"text-align: justify;\"><strong>F\u00fcr Holweide brauchen wir ebenfalls endlich ein schl\u00fcssiges Verkehrskonzept.<\/strong><\/p>\n<\/blockquote>\n<p style=\"text-align: justify;\">Quelle: <a href=\"http:\/\/www.ksta.de\/25480126\">K\u00f6lner Stadtanzeiger<\/a><\/p>\n<p style=\"text-align: justify;\">Wir hoffen, dass das Verkehrskonzept bald kommt und die anderen Themen schnell umgesetzt werden!<\/p>\n","protected":false},"excerpt":{"rendered":"<p>Der K\u00f6lner Stadtanzeiger hat den M\u00fclheimer Bezirksb\u00fcrgermeister Fuchs zu den wichtigsten Themen f\u00fcr 2017 interviewt. Hier die Themen, die Holweide betreffen: Bauprojekte In Holweide haben die Bauarbeiten f\u00fcr neue Wohnungen auf dem Gel\u00e4nde der Baumwollbleicherei immer noch nicht begonnen. Auch an der Von-Quadt-Stra\u00dfe in Dellbr\u00fcck muss endlich begonnen werden, die geplanten Wohnungen zu bauen. Wenigstens [&hellip;]<\/p>\n","protected":false},"author":1,"featured_media":0,"comment_status":"open","ping_status":"open","sticky":false,"template":"","format":"standard","meta":{"footnotes":""},"categories":[21,23,24,4,9,13],"tags":[],"_links":{"self":[{"href":"https:\/\/transfer.verkehr-holweide.de\/index.php?rest_route=\/wp\/v2\/posts\/466"}],"collection":[{"href":"https:\/\/transfer.verkehr-holweide.de\/index.php?rest_route=\/wp\/v2\/posts"}],"about":[{"href":"https:\/\/transfer.verkehr-holweide.de\/index.php?rest_route=\/wp\/v2\/types\/post"}],"author":[{"embeddable":true,"href":"https:\/\/transfer.verkehr-holweide.de\/index.php?rest_route=\/wp\/v2\/users\/1"}],"replies":[{"embeddable":true,"href":"https:\/\/transfer.verkehr-holweide.de\/index.php?rest_route=%2Fwp%2Fv2%2Fcomments&post=466"}],"version-history":[{"count":5,"href":"https:\/\/transfer.verkehr-holweide.de\/index.php?rest_route=\/wp\/v2\/posts\/466\/revisions"}],"predecessor-version":[{"id":471,"href":"https:\/\/transfer.verkehr-holweide.de\/index.php?rest_route=\/wp\/v2\/posts\/466\/revisions\/471"}],"wp:attachment":[{"href":"https:\/\/transfer.verkehr-holweide.de\/index.php?rest_route=%2Fwp%2Fv2%2Fmedia&parent=466"}],"wp:term":[{"taxonomy":"category","embeddable":true,"href":"https:\/\/transfer.verkehr-holweide.de\/index.php?rest_route=%2Fwp%2Fv2%2Fcategories&post=466"},{"taxonomy":"post_tag","embeddable":true,"href":"https:\/\/transfer.verkehr-holweide.de\/index.php?rest_route=%2Fwp%2Fv2%2Ftags&post=466"}],"curies":[{"name":"wp","href":"https:\/\/api.w.org\/{rel}","templated":true}]}}