{"id":593,"date":"2017-08-22T16:47:59","date_gmt":"2017-08-22T14:47:59","guid":{"rendered":"http:\/\/www.verkehr-holweide.de\/?p=593"},"modified":"2018-01-15T16:52:40","modified_gmt":"2018-01-15T14:52:40","slug":"kritische-masse-radelt-in-holweide","status":"publish","type":"post","link":"https:\/\/transfer.verkehr-holweide.de\/?p=593","title":{"rendered":"Kritische Masse radelt in Holweide"},"content":{"rendered":"<p style=\"text-align: justify;\">Der K\u00f6lner Stadtanzeiger berichtete \u00fcber eine besondere Fahrradfahrt in Holweide (Quelle: <a href=\"https:\/\/www.ksta.de\/28204880\">https:\/\/www.ksta.de\/28204880<\/a>):<\/p>\n<blockquote>\n<p style=\"text-align: justify;\">Dellbr\u00fcck\/Holweide &#8211;\u00a0Ein Pulk von etwa 25 Radfahrern behinderte teilweise den Stra\u00dfenverkehr in Holweide und Dellbr\u00fcck. Bewusst bogen sie dort links ab, wo keine gesonderte Abbiegespur vorhanden ist. Sie wollten mit ihrer Aktion die anderen Verkehrsteilnehmer, aber auch die Stadtf\u00fchrung darauf aufmerksam machen, wie schlecht es um die Fahrrad-Infrastruktur in beiden Stadtteilen bestellt ist. Mit ihrer Aktion radeln sie seit Juni dieses Jahres an jedem dritten Donnerstag im Monat ab 18 Uhr durch beide Viertel. Treffpunkt ist jeweils an der Obstwiese neben der Isenburg.<\/p>\n<div>\n<p style=\"text-align: justify;\">&#8222;Critical Mass&#8220; ist eine weltweit wachsende Bewegung: Radfahrer treffen sich scheinbar zuf\u00e4llig und unorganisiert, um mit gemeinsamen Fahrten durch St\u00e4dte ihrer blo\u00dfen Menge und dem konzentrierten Auftreten auf die Probleme des Radverkehrs aufmerksam zu machen. Mit dem Druck auf der Stra\u00dfe wollen sie mehr Rechte f\u00fcr Radler, eine bessere Infrastruktur sowie mehr Raum zum Fahren erreichen.<\/p>\n<p style=\"text-align: justify;\">&#8222;Heute ist unsere dritte Aktion, und wir wollen das in Zukunft fortsetzen&#8220;, betont Irma Becker aus Dellbr\u00fcck, eine der Teilnehmerinnen. Sie habe von einer anderen Teilnehmerin davon erfahren, die von \u00e4hnlichen Aktionen im linksrheinischen K\u00f6ln wusste. &#8222;Es gibt einfach zu wenig gut ausgebaute Radwege&#8220;, begr\u00fcndet sie ihre Teilnahme. Besonders schlimm sei die Situation an der Bergisch Gladbacher Stra\u00dfe. Oft m\u00fcssten sich Radler und Fu\u00dfg\u00e4nger den Weg teilen. An manchen Abschnitten g\u00e4be es sogar \u00fcberhaupt keinen eigenen Weg. Becker: &#8222;Und wo es welche gibt, sind sie oft mit Autos zugeparkt.&#8220; Wichtigste Forderung der Teilnehmer ist ein gutes und schnelles Wegenetz zwischen der Stadtgrenze und M\u00fclheim. Die Stadt solle aber auch das Parken auf Radwegen ahnden. Sie haben vor, Oberb\u00fcrgermeisterin Henriette Reker einzuladen, bei einer der n\u00e4chsten Aktionen mitzuradeln. Becker: &#8222;Mit der Einladung m\u00f6chten wir die Oberb\u00fcrgermeisterin an ihr Wahlversprechen erinnern, die Verwaltung wieder handlungsf\u00e4higer zu machen.&#8220;<\/p>\n<\/div>\n<\/blockquote>\n","protected":false},"excerpt":{"rendered":"<p>Der K\u00f6lner Stadtanzeiger berichtete \u00fcber eine besondere Fahrradfahrt in Holweide (Quelle: https:\/\/www.ksta.de\/28204880): Dellbr\u00fcck\/Holweide &#8211;\u00a0Ein Pulk von etwa 25 Radfahrern behinderte teilweise den Stra\u00dfenverkehr in Holweide und Dellbr\u00fcck. Bewusst bogen sie dort links ab, wo keine gesonderte Abbiegespur vorhanden ist. Sie wollten mit ihrer Aktion die anderen Verkehrsteilnehmer, aber auch die Stadtf\u00fchrung darauf aufmerksam machen, wie [&hellip;]<\/p>\n","protected":false},"author":1,"featured_media":0,"comment_status":"open","ping_status":"open","sticky":false,"template":"","format":"standard","meta":{"footnotes":""},"categories":[22,23,13,12],"tags":[],"_links":{"self":[{"href":"https:\/\/transfer.verkehr-holweide.de\/index.php?rest_route=\/wp\/v2\/posts\/593"}],"collection":[{"href":"https:\/\/transfer.verkehr-holweide.de\/index.php?rest_route=\/wp\/v2\/posts"}],"about":[{"href":"https:\/\/transfer.verkehr-holweide.de\/index.php?rest_route=\/wp\/v2\/types\/post"}],"author":[{"embeddable":true,"href":"https:\/\/transfer.verkehr-holweide.de\/index.php?rest_route=\/wp\/v2\/users\/1"}],"replies":[{"embeddable":true,"href":"https:\/\/transfer.verkehr-holweide.de\/index.php?rest_route=%2Fwp%2Fv2%2Fcomments&post=593"}],"version-history":[{"count":1,"href":"https:\/\/transfer.verkehr-holweide.de\/index.php?rest_route=\/wp\/v2\/posts\/593\/revisions"}],"predecessor-version":[{"id":594,"href":"https:\/\/transfer.verkehr-holweide.de\/index.php?rest_route=\/wp\/v2\/posts\/593\/revisions\/594"}],"wp:attachment":[{"href":"https:\/\/transfer.verkehr-holweide.de\/index.php?rest_route=%2Fwp%2Fv2%2Fmedia&parent=593"}],"wp:term":[{"taxonomy":"category","embeddable":true,"href":"https:\/\/transfer.verkehr-holweide.de\/index.php?rest_route=%2Fwp%2Fv2%2Fcategories&post=593"},{"taxonomy":"post_tag","embeddable":true,"href":"https:\/\/transfer.verkehr-holweide.de\/index.php?rest_route=%2Fwp%2Fv2%2Ftags&post=593"}],"curies":[{"name":"wp","href":"https:\/\/api.w.org\/{rel}","templated":true}]}}