{"id":621,"date":"2018-04-16T20:59:05","date_gmt":"2018-04-16T18:59:05","guid":{"rendered":"http:\/\/www.verkehr-holweide.de\/?p=621"},"modified":"2018-04-23T17:01:34","modified_gmt":"2018-04-23T15:01:34","slug":"anfrage-zum-verkehrskonzept-holweide","status":"publish","type":"post","link":"https:\/\/transfer.verkehr-holweide.de\/?p=621","title":{"rendered":"Anfrage zum Verkehrskonzept Holweide"},"content":{"rendered":"<p style=\"text-align: justify;\">Die CDU-Fraktion hat in der Bezirksvertretung M\u00fclheim eine Anfrage bei der Stadtverwaltung zum Stand des Verkehrskonzepts f\u00fcr Holweide und zu k\u00fcrzlich erfolgten Ma\u00dfnahmen (Tempo-30-Beschilderung in der Schnellweider Stra\u00dfe,\u00a0Aufstellung von Sperrgittern entlang der S\u00fcdseite der Bergisch Gladbacher Stra\u00dfe) eingebracht. Wir sind gespannt auf die Antworten!<\/p>\n<hr \/>\n<p style=\"text-align: justify;\">Sitzung der Bezirksvertretung M\u00fclheim in der Wahlperiode 2014\/2020 am Montag, dem 16.04.2018, 17:00 Uhr bis 18:30 Uhr, VHS-Saal, Wiener Platz 2a, 51065 K\u00f6ln (Quelle: <a href=\"https:\/\/ratsinformation.stadt-koeln.de\/getfile.asp?id=656789&amp;type=do&amp;\">Ratsinformationssystem<\/a>)<\/p>\n<p style=\"text-align: justify;\"><strong>TOP 7.2.8: Anfrage der CDU-Fraktion: Verkehrliche Einzelma\u00dfnahmen und Verkehrskonzept Holweide<\/strong><\/p>\n<p style=\"text-align: justify;\">In der letzten Zeit sind in Holweide vereinzelte Verkehrsma\u00dfnahmen durchgef\u00fchrt worden, die der Bezirksvertretung nicht bekannt waren. Auch gewisse Verkehrsverst\u00f6\u00dfe h\u00e4ufen sich, so v.a. Fahren gegen die Einbahnstra\u00dfe. Zudem fehlt seit langem das geforderte Verkehrskonzept, insbesondere f\u00fcr den S\u00fcden des Stadtteils. Daher stellen sich aus Sicht der CDU-Fraktion folgende Fragen:<\/p>\n<p style=\"text-align: justify;\">1. Wann ist mit der Vorlage eines Verkehrskonzepts f\u00fcr den S\u00fcden des Stadtteils Holweide zu rechnen bzw. wie ist der Bearbeitungsstand?<\/p>\n<p style=\"text-align: justify;\">2. Wer hat die Aufstellung einer vollst\u00e4ndigen Tempo-30-Beschilderung in der Schnellweider Stra\u00dfe veranlasst und auf welcher Rechtsgrundlage geschah dies?<\/p>\n<p style=\"text-align: justify;\">3. Wer hat die Aufstellung von Sperrgittern entlang der S\u00fcdseite der Bergisch Gladbacher Stra\u00dfe, zwischen den B\u00e4umen im Abschnitt zwischen Johann-Bensberg-Stra\u00dfe und Maria-Himmelfahrt-Stra\u00dfe veranlasst und auf welcher Rechtsgrundlage geschah dies?<\/p>\n<p style=\"text-align: justify;\">4. Wurden Anwohnerbefragungen zu 2) und 3) durchgef\u00fchrt?<\/p>\n<p style=\"text-align: justify;\">5. Welche \u00dcberwachungsma\u00dfnahmen zur Einhaltung der Verkehrsregeln wurden 2016 und 2017 an welchen Gefahrenschwerpunkten durchgef\u00fchrt und wie lauten die Ergebnisse (festgestellte Verst\u00f6\u00dfe, v.a. Geschwindigkeit, Fahren gegen die Einbahnstra\u00dfe, Parkverst\u00f6\u00dfe, illegal abgestellte stillgelegte Fahrzeuge usw.)?<\/p>\n","protected":false},"excerpt":{"rendered":"<p>Die CDU-Fraktion hat in der Bezirksvertretung M\u00fclheim eine Anfrage bei der Stadtverwaltung zum Stand des Verkehrskonzepts f\u00fcr Holweide und zu k\u00fcrzlich erfolgten Ma\u00dfnahmen (Tempo-30-Beschilderung in der Schnellweider Stra\u00dfe,\u00a0Aufstellung von Sperrgittern entlang der S\u00fcdseite der Bergisch Gladbacher Stra\u00dfe) eingebracht. Wir sind gespannt auf die Antworten! Sitzung der Bezirksvertretung M\u00fclheim in der Wahlperiode 2014\/2020 am Montag, dem [&hellip;]<\/p>\n","protected":false},"author":1,"featured_media":0,"comment_status":"open","ping_status":"open","sticky":false,"template":"","format":"standard","meta":{"footnotes":""},"categories":[23,3,9,12],"tags":[],"_links":{"self":[{"href":"https:\/\/transfer.verkehr-holweide.de\/index.php?rest_route=\/wp\/v2\/posts\/621"}],"collection":[{"href":"https:\/\/transfer.verkehr-holweide.de\/index.php?rest_route=\/wp\/v2\/posts"}],"about":[{"href":"https:\/\/transfer.verkehr-holweide.de\/index.php?rest_route=\/wp\/v2\/types\/post"}],"author":[{"embeddable":true,"href":"https:\/\/transfer.verkehr-holweide.de\/index.php?rest_route=\/wp\/v2\/users\/1"}],"replies":[{"embeddable":true,"href":"https:\/\/transfer.verkehr-holweide.de\/index.php?rest_route=%2Fwp%2Fv2%2Fcomments&post=621"}],"version-history":[{"count":3,"href":"https:\/\/transfer.verkehr-holweide.de\/index.php?rest_route=\/wp\/v2\/posts\/621\/revisions"}],"predecessor-version":[{"id":663,"href":"https:\/\/transfer.verkehr-holweide.de\/index.php?rest_route=\/wp\/v2\/posts\/621\/revisions\/663"}],"wp:attachment":[{"href":"https:\/\/transfer.verkehr-holweide.de\/index.php?rest_route=%2Fwp%2Fv2%2Fmedia&parent=621"}],"wp:term":[{"taxonomy":"category","embeddable":true,"href":"https:\/\/transfer.verkehr-holweide.de\/index.php?rest_route=%2Fwp%2Fv2%2Fcategories&post=621"},{"taxonomy":"post_tag","embeddable":true,"href":"https:\/\/transfer.verkehr-holweide.de\/index.php?rest_route=%2Fwp%2Fv2%2Ftags&post=621"}],"curies":[{"name":"wp","href":"https:\/\/api.w.org\/{rel}","templated":true}]}}