{"id":666,"date":"2018-12-11T20:05:58","date_gmt":"2018-12-11T18:05:58","guid":{"rendered":"http:\/\/www.verkehr-holweide.de\/?p=666"},"modified":"2019-01-04T16:17:50","modified_gmt":"2019-01-04T14:17:50","slug":"666","status":"publish","type":"post","link":"https:\/\/transfer.verkehr-holweide.de\/?p=666","title":{"rendered":"Holweide auch 2019 Thema im Verkehrsausschuss"},"content":{"rendered":"<p style=\"text-align: justify;\">Auch im Verkehrsausschuss der Stadt K\u00f6ln wird Holweide im kommenden Jahr wieder auf der Agenda stehen: Die Verwaltung wurde beauftragt, Ergebnisse zu verkehrlichen Untersuchungen zu pr\u00e4sentieren. Es soll aufgezeigt werden, wie die aktuelle Belastung am Autobahnanschluss gesenkt, wie die neuen Bauvorhaben zum schon vorhandenen Verkehrschaos passen, wie die Planung zum Vollanschluss der Anschlussstelle M\u00fclheim sind und wann es endlich einen vollst\u00e4ndigen Radweg auf der Bergisch Gladbacher Stra\u00dfe geben wird. Wir sind gespannt auf die Antworten der Verwaltung!<\/p>\n<hr \/>\n<p style=\"text-align: justify;\">41. Sitzung des Verkehrsausschusses in der Wahlperiode 2014\/2020 am Dienstag, dem 11.12.2018, 16:00 Uhr, Rathaus Spanischer Bau, Theo-Burauen-Saal (Raum-Nr. B 121)<\/p>\n<p style=\"text-align: justify;\"><strong>TOP 1.4: Antrag der CDU-Fraktion und der Fraktion B\u00fcndnis 90\/Die Gr\u00fcnen vom 29.11.2018 betr. Optimierung Verkehrsinfrastruktur Holweide<\/strong> (Quelle: <a href=\"https:\/\/ratsinformation.stadt-koeln.de\/to0050.asp?__ktonr=264635\">Ratsinformationssystem<\/a>)<\/p>\n<p style=\"text-align: justify;\"><strong>Beschluss<\/strong><br \/>\nDie Verwaltung wird beauftragt, mit Bezug auf die bereits vorliegenden verkehrlichen Untersuchungen im Stadtteil Holweide darzustellen,<\/p>\n<p style=\"text-align: justify;\">1. wie die verkehrlichen Belastungen im Anschlussbereich Autobahnanschluss Bergisch-Gladbacher-Stra\u00dfe \/ A3 \/ Steiler Stra\u00dfe \/ Honschaftsstra\u00dfe gesenkt werden k\u00f6nnen.<\/p>\n<p style=\"text-align: justify;\">2. wie die zu erwartenden Belastungen der Bergisch-Gladbacher-Stra\u00dfe durch den Verkehrszuwachs aus den neuen Baugebieten Baumwollbleicherei, Hinterlandbebauung Kochwiesenstra\u00dfe und an der Piccoloministra\u00dfe minimiert werden k\u00f6nnen.<\/p>\n<p style=\"text-align: justify;\">3. Wie der Sachstand zur Planung des Vollanschlusses der Anschlussstelle M\u00fclheim ist,<\/p>\n<p style=\"text-align: justify;\">4. wann mit der Herstellung einer durchgehenden Radverkehrsanlage auf der Bergisch-Gladbacher Stra\u00dfe, m\u00f6glichst auf der Fahrbahn, zu rechnen ist.<\/p>\n<p style=\"text-align: justify;\"><strong>Abstimmungsergebnis: <\/strong>Einstimmig zugestimmt<\/p>\n<p style=\"text-align: justify;\"><strong>Begr\u00fcndung<\/strong><br \/>\nDie Bergisch-Gladbacher-Stra\u00dfe im Stadtteil Holweide ist eine der am st\u00e4rksten belasteten Hauptverkehrsstra\u00dfen in K\u00f6ln. \u00dcber 35.000 Verkehrsbewegungen ergeben sich auf dieser Ausfallstra\u00dfe t\u00e4glich. In der Sitzung des Verkehrsausschusses vom 27.06.2017 \u201e(Erg\u00e4nzende Ma\u00dfnahmen zum &#8222;Interkommunalen Programm zwischen K\u00f6ln und Bergisch Gladbach (33-Punkte-Programm)&#8220; zur Senkung des Verkehrsaufkommens f\u00fcr den Stadtbezirk M\u00fclheim; 1017\/2017)\u201c hat der Verkehrsausschuss ein Ma\u00dfnahmen-Paket verabschiedet, das den Verkehr auf dieser Achse reduzieren soll. Mit dem Antrag sollen nun die gr\u00f6\u00dften Problembereiche im Kontext dieses Programmes zeitnah entsch\u00e4rft werden.<\/p>\n<p style=\"text-align: justify;\">Au\u00dferdem haben erste verkehrliche Untersuchungen f\u00fcr die aktuell in Planung stehenden weiteren Bauvorhaben Baumwollbleicherei, Hinterlandbebauung Kochwiesenstra\u00dfe und an der Piccoloministra\u00dfe gezeigt, dass sich die ohnehin prek\u00e4re Verkehrssituation im Bereich Holweide weiter versch\u00e4rfen wird.<\/p>\n","protected":false},"excerpt":{"rendered":"<p>Auch im Verkehrsausschuss der Stadt K\u00f6ln wird Holweide im kommenden Jahr wieder auf der Agenda stehen: Die Verwaltung wurde beauftragt, Ergebnisse zu verkehrlichen Untersuchungen zu pr\u00e4sentieren. Es soll aufgezeigt werden, wie die aktuelle Belastung am Autobahnanschluss gesenkt, wie die neuen Bauvorhaben zum schon vorhandenen Verkehrschaos passen, wie die Planung zum Vollanschluss der Anschlussstelle M\u00fclheim sind [&hellip;]<\/p>\n","protected":false},"author":1,"featured_media":0,"comment_status":"open","ping_status":"open","sticky":false,"template":"","format":"standard","meta":{"footnotes":""},"categories":[18,22,23,24,9,12],"tags":[],"_links":{"self":[{"href":"https:\/\/transfer.verkehr-holweide.de\/index.php?rest_route=\/wp\/v2\/posts\/666"}],"collection":[{"href":"https:\/\/transfer.verkehr-holweide.de\/index.php?rest_route=\/wp\/v2\/posts"}],"about":[{"href":"https:\/\/transfer.verkehr-holweide.de\/index.php?rest_route=\/wp\/v2\/types\/post"}],"author":[{"embeddable":true,"href":"https:\/\/transfer.verkehr-holweide.de\/index.php?rest_route=\/wp\/v2\/users\/1"}],"replies":[{"embeddable":true,"href":"https:\/\/transfer.verkehr-holweide.de\/index.php?rest_route=%2Fwp%2Fv2%2Fcomments&post=666"}],"version-history":[{"count":4,"href":"https:\/\/transfer.verkehr-holweide.de\/index.php?rest_route=\/wp\/v2\/posts\/666\/revisions"}],"predecessor-version":[{"id":670,"href":"https:\/\/transfer.verkehr-holweide.de\/index.php?rest_route=\/wp\/v2\/posts\/666\/revisions\/670"}],"wp:attachment":[{"href":"https:\/\/transfer.verkehr-holweide.de\/index.php?rest_route=%2Fwp%2Fv2%2Fmedia&parent=666"}],"wp:term":[{"taxonomy":"category","embeddable":true,"href":"https:\/\/transfer.verkehr-holweide.de\/index.php?rest_route=%2Fwp%2Fv2%2Fcategories&post=666"},{"taxonomy":"post_tag","embeddable":true,"href":"https:\/\/transfer.verkehr-holweide.de\/index.php?rest_route=%2Fwp%2Fv2%2Ftags&post=666"}],"curies":[{"name":"wp","href":"https:\/\/api.w.org\/{rel}","templated":true}]}}