{"id":671,"date":"2018-12-10T20:31:28","date_gmt":"2018-12-10T18:31:28","guid":{"rendered":"http:\/\/www.verkehr-holweide.de\/?p=671"},"modified":"2019-01-06T13:43:48","modified_gmt":"2019-01-06T11:43:48","slug":"neufelder-und-picco-sollen-tempo-30-bekommen","status":"publish","type":"post","link":"https:\/\/transfer.verkehr-holweide.de\/?p=671","title":{"rendered":"Neufelder und Picco sollen Tempo 30 bekommen"},"content":{"rendered":"<p style=\"text-align: justify;\">Die Bezirksvertretung M\u00fclheim hat beschlossen, dass die Neufelder Stra\u00dfe auf der gesamten L\u00e4nge Tempo 30 kriegen soll &#8211; bisher galt die Begrenzung nur bis zur Heinz-K\u00fchn-Stra\u00dfe. Au\u00dferdem soll die Piccoloministra\u00dfe neue Zebrastreifen und ebenfalls auf ganzer L\u00e4nge Tempo 30 bekommen.<\/p>\n<hr \/>\n<p style=\"text-align: justify;\">Sitzung der Bezirksvertretung M\u00fclheim in der Wahlperiode 2014\/2020 am Montag, dem 10.12.2018, 17:00 Uhr, Bezirksrathaus M\u00fclheim,<br \/>\nVHS-Saal, Wiener Platz 2a, 51065 K\u00f6ln<\/p>\n<p style=\"text-align: justify;\"><strong>TOP 8.1.3: Gemeinsamer Antrag der Fraktion B\u00fcndnis 90\/Die Gr\u00fcnen und der SPD-Fraktion: Neufelder Stra\u00dfe: Tempo 30 auf der gesamten L\u00e4nge<\/strong> (Quelle: <a href=\"https:\/\/ratsinformation.stadt-koeln.de\/to0050.asp?__ktonr=264033\">Ratsinformationssystem<\/a>)<\/p>\n<p style=\"text-align: justify;\"><strong>Beschluss:<\/strong><br \/>\nDie Bezirksvertretung M\u00fclheim beschlie\u00dft die Einf\u00fchrung einer Geschwindigkeitsbegrenzung auf 30km\/h auf der Gesamtl\u00e4nge der Neufelder Stra\u00dfe bis zum Kreisverkehrsplatz Neufelder Str.\/Dellbr\u00fccker Mauspfad.<\/p>\n<p style=\"text-align: justify;\"><strong>Abstimmungsergebnis:<\/strong><br \/>\nMehrheitlich beschlossen gegen die Stimmen der CDU-Fraktion und gegen die Stimme des EMT Herrn T\u00fccks (FDP).<\/p>\n<p style=\"text-align: justify;\"><strong>Begr\u00fcndung:<\/strong><br \/>\nDie Neufelder Str. ist bereits von der Schnellweider Stra\u00dfe bis zur Heinz-K\u00fchn-Stra\u00dfe auf 30 km\/h reduziert und beschildert. Auch alle Umgebungsstra\u00dfen sind schon mit einbezogen. Von der Heinz-K\u00fchn-Str. bis zum Dellbr\u00fccker Mauspfad soll die Geschwindigkeitsbegrenzung fortgef\u00fchrt werden insbesondere um die Sicherheit zu erh\u00f6hen und L\u00e4rmbel\u00e4stigungen zu vermindern. Die Zufahrt zum Krankenhaus d\u00fcrfte dadurch nicht wesentlich beeintr\u00e4chtigt werden, immerhin ist die wichtigste Zufahrt \u00fcber die Schnellweider Stra\u00dfe bereits jetzt Tempo 30.<\/p>\n<p style=\"text-align: justify;\"><strong>TOP 8.1.4: Gemeinsamer Antrag der Fraktion B\u00fcndnis 90\/Die Gr\u00fcnen und der SPD-Fraktion: Piccoloministra\u00dfe: Erh\u00f6hung der Sicherheit von Fu\u00dfg\u00e4ngern<\/strong> (Quelle: <a href=\"https:\/\/ratsinformation.stadt-koeln.de\/to0050.asp?__ktonr=264034\">Ratsinformationssystem<\/a>)<\/p>\n<p style=\"text-align: justify;\"><strong>Beschluss:<\/strong><br \/>\nDie Bezirksvertretung M\u00fclheim beschlie\u00dft<\/p>\n<p style=\"text-align: justify;\">1) Einf\u00fchrung einer Geschwindigkeit (30km\/h) \u00fcber die gesamte L\u00e4nge der Piccoloministr.<\/p>\n<p style=\"text-align: justify;\">2) Zebrastreifen an allen Querungshilfen<\/p>\n<p style=\"text-align: justify;\">3) Neueinrichtung eines Zebrastreifens hinter der Einm\u00fcndung Rodfeldstr.\/Piccoloministr. Richtung Buschfeldstr.<\/p>\n<p style=\"text-align: justify;\">4) Parkverbot f\u00fcr. ca. 50m mit Zick-Zack-Markierung ab der Einm\u00fcndung Rodfeldstr.\/Piccoloministr. auf der linken Seite Richtung Buschfeldstr.<\/p>\n<p style=\"text-align: justify;\"><strong>Abstimmungsergebnis:<\/strong><br \/>\nMehrheitlich beschlossen gegen die Stimmen der CDU-Fraktion und gegen die Stimme des EMT Herr Merkl (LKR) und bei Enthaltung des EMT Herr T\u00fccks (FDP).<\/p>\n<p style=\"text-align: justify;\"><strong>Begr\u00fcndung:<\/strong><br \/>\nAuf der Piccoloministr. besteht bereits eine Geschwindigkeitsbegrenzung auf zwei k\u00fcrzeren Abschnitten. Die Strecke wird als Schleichweg benutzt, teilweise in gef\u00e4hrlicher Geschwindigkeit. Um dieser Tendenz Einhalt zu gebieten und wieder einen ausreichenden Schutz f\u00fcr Fu\u00dfg\u00e4ngern und insbesondere von Schulkindern zu erreichen, halten wir es f\u00fcr geboten eine einheitliche Geschwindigkeitsreduzierung auf der ganzen L\u00e4nge einzuf\u00fchren und durchzusetzen. Zebrastreifen und Parkverbot sollen besonders kritische Stellen unterst\u00fctzend entsch\u00e4rfen.<\/p>\n","protected":false},"excerpt":{"rendered":"<p>Die Bezirksvertretung M\u00fclheim hat beschlossen, dass die Neufelder Stra\u00dfe auf der gesamten L\u00e4nge Tempo 30 kriegen soll &#8211; bisher galt die Begrenzung nur bis zur Heinz-K\u00fchn-Stra\u00dfe. Au\u00dferdem soll die Piccoloministra\u00dfe neue Zebrastreifen und ebenfalls auf ganzer L\u00e4nge Tempo 30 bekommen. Sitzung der Bezirksvertretung M\u00fclheim in der Wahlperiode 2014\/2020 am Montag, dem 10.12.2018, 17:00 Uhr, Bezirksrathaus [&hellip;]<\/p>\n","protected":false},"author":1,"featured_media":0,"comment_status":"open","ping_status":"open","sticky":false,"template":"","format":"standard","meta":{"footnotes":""},"categories":[23,9,12],"tags":[],"_links":{"self":[{"href":"https:\/\/transfer.verkehr-holweide.de\/index.php?rest_route=\/wp\/v2\/posts\/671"}],"collection":[{"href":"https:\/\/transfer.verkehr-holweide.de\/index.php?rest_route=\/wp\/v2\/posts"}],"about":[{"href":"https:\/\/transfer.verkehr-holweide.de\/index.php?rest_route=\/wp\/v2\/types\/post"}],"author":[{"embeddable":true,"href":"https:\/\/transfer.verkehr-holweide.de\/index.php?rest_route=\/wp\/v2\/users\/1"}],"replies":[{"embeddable":true,"href":"https:\/\/transfer.verkehr-holweide.de\/index.php?rest_route=%2Fwp%2Fv2%2Fcomments&post=671"}],"version-history":[{"count":2,"href":"https:\/\/transfer.verkehr-holweide.de\/index.php?rest_route=\/wp\/v2\/posts\/671\/revisions"}],"predecessor-version":[{"id":673,"href":"https:\/\/transfer.verkehr-holweide.de\/index.php?rest_route=\/wp\/v2\/posts\/671\/revisions\/673"}],"wp:attachment":[{"href":"https:\/\/transfer.verkehr-holweide.de\/index.php?rest_route=%2Fwp%2Fv2%2Fmedia&parent=671"}],"wp:term":[{"taxonomy":"category","embeddable":true,"href":"https:\/\/transfer.verkehr-holweide.de\/index.php?rest_route=%2Fwp%2Fv2%2Fcategories&post=671"},{"taxonomy":"post_tag","embeddable":true,"href":"https:\/\/transfer.verkehr-holweide.de\/index.php?rest_route=%2Fwp%2Fv2%2Ftags&post=671"}],"curies":[{"name":"wp","href":"https:\/\/api.w.org\/{rel}","templated":true}]}}