{"id":93,"date":"2014-09-19T19:08:55","date_gmt":"2014-09-19T17:08:55","guid":{"rendered":"http:\/\/www.verkehr-holweide.de\/?p=93"},"modified":"2014-11-21T14:48:51","modified_gmt":"2014-11-21T12:48:51","slug":"rueckmeldung-von-lennart-hoering-cdu-bergisch-gladbach","status":"publish","type":"post","link":"https:\/\/transfer.verkehr-holweide.de\/?p=93","title":{"rendered":"R\u00fcckmeldung von Lennart H\u00f6ring (CDU Bergisch Gladbach)"},"content":{"rendered":"<p style=\"text-align: justify;\">Sehr geehrte Frau Gl\u00fcck,<\/p>\n<p style=\"text-align: justify;\">sch\u00f6nen Dank f\u00fcr die erneute Information. Im Namen der CDU-Fraktion im Rat der Stadt Bergisch Gladbach m\u00f6chte ich Ihnen kurz antworten.<\/p>\n<p style=\"text-align: justify;\">Wir haben Sie nicht vergessen. Die L\u00f6sung der Verkehrsprobleme der Stadt Bergisch Gladbach und der Stadt K\u00f6ln lassen sich m.E. nicht alleine betrachten. Wir brauchen vern\u00fcnftige L\u00f6sungen f\u00fcr die Region. Das braucht Zeit. Und Bewegung auf allen Seiten.<\/p>\n<p style=\"text-align: justify;\">Die Stadt Bergisch Gladbach erarbeitet derzeit den neuen Fl\u00e4chennutzungsplan. Dazu geh\u00f6rt auch ein Integriertes Verkehrskonzept, an dem derzeit gearbeitet wird. U.a. gibt es derzeit eine Befragung von 5.000 Haushalten, um einen Model-Split der einzelnen Verkehrstr\u00e4ger zu erfahren, anschlie\u00dfend geht es an m\u00f6gliche L\u00f6sungsans\u00e4tze.<\/p>\n<p style=\"text-align: justify;\">Das Thema &#8222;Bahndamm&#8220; wird in der Stadt bekannterma\u00dfen durchaus unterschiedlich gesehen. Klar ist vor allem, dass es nicht an der Stadt liegt, das es nicht voran geht. Hier ist das Land NRW gefordert. Die politischen Gremien in Bergisch Gladbach haben sich dazu schon vor langer Zeit mehrheitlich positioniert.<\/p>\n<p style=\"text-align: justify;\">F\u00fcr Fragen stehe ich gerne zur Verf\u00fcgung.<\/p>\n<p style=\"text-align: justify;\">Mit freundlichen Gr\u00fc\u00dfen<\/p>\n<p style=\"text-align: justify;\">\u200bLennart H\u00f6ring\u200b<br \/>\nMitglied des Rates der Stadt Bergisch Gladbach<br \/>\nVorsitzender des Stadtentwicklungs- und Planungsausschusses<br \/>\nGesch\u00e4ftsf\u00fchrer der CDU-Fraktion<\/p>\n<hr \/>\n<p style=\"text-align: right;\">\u00a019.09.2014<\/p>\n<p style=\"text-align: justify;\">Sehr geehrter Herr H\u00f6ring,<\/p>\n<p style=\"text-align: justify;\">vielen Dank f\u00fcr Ihre Antwort.<\/p>\n<p style=\"text-align: justify;\">Uns ist klar, dass die L\u00f6sung der Probleme Zeit braucht. Holweide wartet aber bereits seit \u00fcber 20 Jahren auf eine Entlastung. Nun sollte die Zeit zum Handeln kommen!<\/p>\n<p style=\"text-align: justify;\">Wir stimmen mit Ihnen \u00fcberein, dass es ein regionales Problem ist &#8211; haben Sie bereits regionale L\u00f6sungen mit Ihren Kollegen in K\u00f6ln und auf Landesebene diskutiert?<\/p>\n<p style=\"text-align: justify;\">Wann wird der Fl\u00e4chennutzungsplan f\u00fcr die Stadt Bergisch Gladbach fertig sein? K\u00f6nnen Sie uns hier einen Zeitplan zur Verf\u00fcgung stellen?<\/p>\n<p style=\"text-align: justify;\">Uns ist bekannt, dass die &#8222;Bahndammtrasse&#8220; bei der Landesregierung repriorisiert wurde (vgl. auch die <a href=\"http:\/\/www.verkehr-holweide.de\/?s=groschek\" target=\"_blank\">Antworten von Minister Groschek<\/a>). Aus unserer Sicht ist es unumg\u00e4nglich, dass alle politischen Parteien in Bergisch Gladbach und K\u00f6ln sich vereinen und eine gemeinsame L\u00f6sung bei der Landesregierung durchsetzen. Wir bitten Sie also, sich mit Ihren Kollegen zusammenzutun, um &#8211; unabh\u00e4ngig von der politischen Couleur &#8211; f\u00fcr eine gute L\u00f6sung zu k\u00e4mpfen.<\/p>\n<p style=\"text-align: justify;\">Mit freundlichen Gr\u00fc\u00dfen<\/p>\n<p style=\"text-align: justify;\">Maja Gl\u00fcck<\/p>\n<hr \/>\n<p style=\"text-align: right;\">19.09.2014<\/p>\n<p style=\"text-align: justify;\">Sehr geehrte Frau Gl\u00fcck,<br \/>\ngeplant f\u00fcr den Fl\u00e4chennutzungsplan sind drei Jahre. Ob das klappt, werden wir schauen. Einen detaillierten Zeitplan gibt es noch nicht.<\/p>\n<p style=\"text-align: justify;\">Mit freundlichen Gr\u00fc\u00dfen<\/p>\n<p style=\"text-align: justify;\">\u200bLennart H\u00f6ring<\/p>\n","protected":false},"excerpt":{"rendered":"<p>Sehr geehrte Frau Gl\u00fcck, sch\u00f6nen Dank f\u00fcr die erneute Information. Im Namen der CDU-Fraktion im Rat der Stadt Bergisch Gladbach m\u00f6chte ich Ihnen kurz antworten. Wir haben Sie nicht vergessen. Die L\u00f6sung der Verkehrsprobleme der Stadt Bergisch Gladbach und der Stadt K\u00f6ln lassen sich m.E. nicht alleine betrachten. Wir brauchen vern\u00fcnftige L\u00f6sungen f\u00fcr die Region. [&hellip;]<\/p>\n","protected":false},"author":1,"featured_media":0,"comment_status":"open","ping_status":"open","sticky":false,"template":"","format":"standard","meta":{"footnotes":""},"categories":[19,3,8,15],"tags":[],"_links":{"self":[{"href":"https:\/\/transfer.verkehr-holweide.de\/index.php?rest_route=\/wp\/v2\/posts\/93"}],"collection":[{"href":"https:\/\/transfer.verkehr-holweide.de\/index.php?rest_route=\/wp\/v2\/posts"}],"about":[{"href":"https:\/\/transfer.verkehr-holweide.de\/index.php?rest_route=\/wp\/v2\/types\/post"}],"author":[{"embeddable":true,"href":"https:\/\/transfer.verkehr-holweide.de\/index.php?rest_route=\/wp\/v2\/users\/1"}],"replies":[{"embeddable":true,"href":"https:\/\/transfer.verkehr-holweide.de\/index.php?rest_route=%2Fwp%2Fv2%2Fcomments&post=93"}],"version-history":[{"count":11,"href":"https:\/\/transfer.verkehr-holweide.de\/index.php?rest_route=\/wp\/v2\/posts\/93\/revisions"}],"predecessor-version":[{"id":214,"href":"https:\/\/transfer.verkehr-holweide.de\/index.php?rest_route=\/wp\/v2\/posts\/93\/revisions\/214"}],"wp:attachment":[{"href":"https:\/\/transfer.verkehr-holweide.de\/index.php?rest_route=%2Fwp%2Fv2%2Fmedia&parent=93"}],"wp:term":[{"taxonomy":"category","embeddable":true,"href":"https:\/\/transfer.verkehr-holweide.de\/index.php?rest_route=%2Fwp%2Fv2%2Fcategories&post=93"},{"taxonomy":"post_tag","embeddable":true,"href":"https:\/\/transfer.verkehr-holweide.de\/index.php?rest_route=%2Fwp%2Fv2%2Ftags&post=93"}],"curies":[{"name":"wp","href":"https:\/\/api.w.org\/{rel}","templated":true}]}}