{"id":95,"date":"2014-09-17T22:55:10","date_gmt":"2014-09-17T20:55:10","guid":{"rendered":"http:\/\/www.verkehr-holweide.de\/?p=95"},"modified":"2015-04-17T17:42:49","modified_gmt":"2015-04-17T15:42:49","slug":"wir-haben-nachgehakt","status":"publish","type":"post","link":"https:\/\/transfer.verkehr-holweide.de\/?p=95","title":{"rendered":"Wir haben nachgehakt"},"content":{"rendered":"<p style=\"text-align: justify;\">Sehr geehrter Herr Minister Groschek,<br \/>\nsehr geehrte Mitglieder des Verkehrsausschusses des Landes NRW,<br \/>\nsehr geehrte Landtagsabgeordnete der Stadt K\u00f6ln und des Rheinisch-Bergischen Kreises,<br \/>\nsehr geehrter Herr Oberb\u00fcrgermeister Roters,<br \/>\nsehr geehrte Mitglieder der Bezirksvertretung K\u00f6ln-M\u00fclheim,<br \/>\nsehr geehrte Mitglieder des Ausschusses f\u00fcr Anregungen und Beschwerden, des Verkehrsausschusses und des Stadtentwicklungsausschusses der Stadt K\u00f6ln,<br \/>\nsehr geehrter Herr B\u00fcrgermeister Urbach,<br \/>\nsehr geehrte Mitglieder des Ausschusses f\u00fcr Anregungen und Beschwerden und des Ausschusses f\u00fcr Umwelt, Klimaschutz und Verkehr der Stadt Bergisch Gladbach,<\/p>\n<p style=\"text-align: justify;\">am 30.09.2014 haben wir Ihnen untenstehende E-Mail geschrieben. Leider haben wir bisher nur sehr wenige R\u00fcckmeldungen erhalten und es ist wenig Bewegung in das wichtige Thema &#8222;Verkehrsentlastung f\u00fcr K\u00f6ln-Holweide&#8220; gekommen.<\/p>\n<p style=\"text-align: justify;\">Wir bitten Sie daher, sich mit dem Thema auseinander zu setzen und unser Anliegen zu unterst\u00fctzen. Alle R\u00fcckmeldungen und Neuigkeiten zu diesem Thema finden Sie auf unserer Internetseite:<\/p>\n<p style=\"text-align: justify;\"><a title=\"http:\/\/www.verkehr-holweide.de\/\" href=\"http:\/\/www.verkehr-holweide.de\/\" target=\"_blank\">http:\/\/www.verkehr-holweide.de\/<\/a><\/p>\n<p style=\"text-align: justify;\">Die Details zu den Forderungen sind ebenfalls online einsehbar:<\/p>\n<p style=\"text-align: justify;\"><a title=\"http:\/\/www.verkehr-holweide.de\/Verkehrskonzept_Koeln-Holweide_2.pdf\" href=\"http:\/\/www.verkehr-holweide.de\/Verkehrskonzept_Koeln-Holweide_2.pdf\" target=\"_blank\">http:\/\/www.verkehr-holweide.de\/Verkehrskonzept_Koeln-Holweide_2.pdf<\/a><\/p>\n<p style=\"text-align: justify;\">Mit freundlichen Gr\u00fc\u00dfen<\/p>\n<p style=\"text-align: justify;\">i. A. Maja Gl\u00fcck<br \/>\nArbeitskreis \u201eUnser Veedel\u201c der B\u00fcrgervereinigung K\u00f6ln-Holweide e.V.<\/p>\n","protected":false},"excerpt":{"rendered":"<p>Sehr geehrter Herr Minister Groschek, sehr geehrte Mitglieder des Verkehrsausschusses des Landes NRW, sehr geehrte Landtagsabgeordnete der Stadt K\u00f6ln und des Rheinisch-Bergischen Kreises, sehr geehrter Herr Oberb\u00fcrgermeister Roters, sehr geehrte Mitglieder der Bezirksvertretung K\u00f6ln-M\u00fclheim, sehr geehrte Mitglieder des Ausschusses f\u00fcr Anregungen und Beschwerden, des Verkehrsausschusses und des Stadtentwicklungsausschusses der Stadt K\u00f6ln, sehr geehrter Herr B\u00fcrgermeister [&hellip;]<\/p>\n","protected":false},"author":1,"featured_media":0,"comment_status":"open","ping_status":"open","sticky":false,"template":"","format":"standard","meta":{"footnotes":""},"categories":[19,18,21,22,23,24,20],"tags":[],"_links":{"self":[{"href":"https:\/\/transfer.verkehr-holweide.de\/index.php?rest_route=\/wp\/v2\/posts\/95"}],"collection":[{"href":"https:\/\/transfer.verkehr-holweide.de\/index.php?rest_route=\/wp\/v2\/posts"}],"about":[{"href":"https:\/\/transfer.verkehr-holweide.de\/index.php?rest_route=\/wp\/v2\/types\/post"}],"author":[{"embeddable":true,"href":"https:\/\/transfer.verkehr-holweide.de\/index.php?rest_route=\/wp\/v2\/users\/1"}],"replies":[{"embeddable":true,"href":"https:\/\/transfer.verkehr-holweide.de\/index.php?rest_route=%2Fwp%2Fv2%2Fcomments&post=95"}],"version-history":[{"count":2,"href":"https:\/\/transfer.verkehr-holweide.de\/index.php?rest_route=\/wp\/v2\/posts\/95\/revisions"}],"predecessor-version":[{"id":197,"href":"https:\/\/transfer.verkehr-holweide.de\/index.php?rest_route=\/wp\/v2\/posts\/95\/revisions\/197"}],"wp:attachment":[{"href":"https:\/\/transfer.verkehr-holweide.de\/index.php?rest_route=%2Fwp%2Fv2%2Fmedia&parent=95"}],"wp:term":[{"taxonomy":"category","embeddable":true,"href":"https:\/\/transfer.verkehr-holweide.de\/index.php?rest_route=%2Fwp%2Fv2%2Fcategories&post=95"},{"taxonomy":"post_tag","embeddable":true,"href":"https:\/\/transfer.verkehr-holweide.de\/index.php?rest_route=%2Fwp%2Fv2%2Ftags&post=95"}],"curies":[{"name":"wp","href":"https:\/\/api.w.org\/{rel}","templated":true}]}}